{"id":289682,"date":"2021-07-29T23:33:59","date_gmt":"2021-07-30T03:33:59","guid":{"rendered":"http:\/\/diariodominicano.com\/?p=289682"},"modified":"2021-07-29T23:34:11","modified_gmt":"2021-07-30T03:34:11","slug":"fedogolf-inaugura-este-sabado-el-caribbean-amateur-junior-championships","status":"publish","type":"post","link":"https:\/\/diariodominicano.com\/?p=289682","title":{"rendered":"Fedogolf inaugura este s\u00e1bado el Caribbean Amateur Junior Championships"},"content":{"rendered":"\n<p>SANTO DOMINGO.- La Federaci\u00f3n Dominicana de Golf (Fedogolf) anunci\u00f3 este mi\u00e9rcoles que todo est\u00e1 listo para celebrar en el pa\u00eds la versi\u00f3n XXXIII del Caribbean Amateur Junior Golf Championships, del 30 de julio al 4 de agosto, en el campo de golf de Punta Blanca Golf Course, de Punta Cana.<\/p>\n\n\n\n<p>Alfredo R\u00edos, director del evento inform\u00f3 mediante nota de prensa de la instituci\u00f3n que el evento que tiene nueve&nbsp;pa\u00edses del Caribe, \u201ctendr\u00e1 una burbuja, con estrictas medidas para la prevenci\u00f3n del COVID-19\u201d.<\/p>\n\n\n\n<p>Dijo que las delegaciones de esos pa\u00edses, junto a los familiares y personal del evento deben tener una prueba PCR negativa, adem\u00e1s de que el campo estar\u00e1 cerrado, solo para el uso de los jugadores y entrenadores, para preservar el torneo.<\/p>\n\n\n\n<p>La justa ser\u00e1 inaugurada el s\u00e1bado, a las 6 de la tarde, con una ceremonia breve; himno nacional de las naciones participantes, desfile de los atletas junto a la bandera de sus pa\u00edses, sesi\u00f3n de fotos para las delegaciones, adem\u00e1s de otras actividades. <\/p>\n\n\n\n<figure class=\"wp-block-image size-large is-style-default\"><img loading=\"lazy\" decoding=\"async\" width=\"1024\" height=\"519\" src=\"https:\/\/diariodominicano.com\/wp-content\/uploads\/2021\/07\/image-71-1024x519.png\" alt=\"\" class=\"wp-image-289693\" srcset=\"https:\/\/diariodominicano.com\/wp-content\/uploads\/2021\/07\/image-71-1024x519.png 1024w, https:\/\/diariodominicano.com\/wp-content\/uploads\/2021\/07\/image-71-300x152.png 300w, https:\/\/diariodominicano.com\/wp-content\/uploads\/2021\/07\/image-71-768x390.png 768w, https:\/\/diariodominicano.com\/wp-content\/uploads\/2021\/07\/image-71-816x414.png 816w, https:\/\/diariodominicano.com\/wp-content\/uploads\/2021\/07\/image-71.png 1171w\" sizes=\"auto, (max-width: 1024px) 100vw, 1024px\" \/><\/figure>\n\n\n\n<p>Las acciones inician el domingo desde la ma\u00f1ana, el evento concluye el martes.&nbsp;<\/p>\n\n\n\n<p>La representaci\u00f3n dominicana ha practicado con tiempo de anticipaci\u00f3n, en busca de poner en alto la bandera nacional.<\/p>\n\n\n\n<p>Estar\u00e1n en la ceremonia los directivos de Fedogolf, encabezados por su presidente, Carlos Elm\u00fadesi y el secretario, Enrique Valverde; directivos de la Caribbean Golf Association (CGA), del Tour Nacional Juvenil, Alfredo R\u00edos, Carlos Heinsen, entre otros.<\/p>\n\n\n\n<p>Se han invitado a la ceremonia oficial funcionarios del Ministerio de Deportes y directivos del Comit\u00e9 Ol\u00edmpico Dominicano.<\/p>\n\n\n\n<p>El evento tiene como patrocinadores a Coinsa, Grupo Rica, CEPM, Universal de Seguros, Proedom (Adidas y Taylor Made), Coral Business Partner Services SRL, Punta Blanca y Hotel Riu Bambu.<\/p>\n\n\n\n<p>Datos del evento<\/p>\n\n\n\n<p>M\u00e1s de 75 jugadores del Caribe accionar\u00e1n en el evento, de los pa\u00edses Bahamas, Barbados, Islas Caim\u00e1n, Puerto Rico, Jamaica, Trinidad y Tobago, Islas V\u00edrgenes de Estados Unidos, Islas Turcas y Caicos y el anfitri\u00f3n Rep\u00fablica Dominicana.<\/p>\n\n\n\n<p>Junto a R\u00edos, estar\u00e1 como coach Jon\u00e1s Fern\u00e1ndez, y el capit\u00e1n del equipo es Carlos Heinsen.<\/p>\n\n\n\n<p>Se jugar\u00e1 en las categor\u00edas 11-13, 14-15 y 15-18, en las ramas masculina y femenina.<\/p>\n\n\n\n<p>La selecci\u00f3n dominicana de golf estar\u00e1 encabezada por Julio R\u00edos, Kevin y Justin Rodr\u00edguez. Tambi\u00e9n Aydan Downer, Gonzalo S\u00e1nchez, Javier Gubern, Rodrigo Huerta y Omar Faruk El\u00edas.<\/p>\n\n\n\n<p>En la rama femenina, lidera Stephany Kim, Mar Aybar, Camila Yoo, Stefania Mosyagina, Mar\u00eda del Mar Caimari y Mar\u00eda Fernanda Fern\u00e1ndez.<\/p>\n\n\n\n<p>Los jugadores Juan Tomas Herrera, Waldo Aguasvivas Arias, Mar\u00eda Lorena Fern\u00e1ndez, Santino Doglioli, Jos\u00e9 Juan Gonz\u00e1lez y Marcos Andr\u00e9s Betances son invitados a participar de manera individual.<\/p>\n\n\n\n<p>El torneo tendr\u00e1 un live scoring, para ver&nbsp; los resultados minuto a minuto.&nbsp;<\/p>\n\n\n\n<p>pie de foto<\/p>\n\n\n\n<p>La selecci\u00f3n juvenil que participar\u00e1 en el evento, junto al coach Jon\u00e1s Fern\u00e1ndez.<\/p>\n\n\n\n<p>PRENSA FEDOGOLF<\/p>\n","protected":false},"excerpt":{"rendered":"<p>SANTO DOMINGO.- La Federaci\u00f3n Dominicana de Golf (Fedogolf) anunci\u00f3 este mi\u00e9rcoles que todo est\u00e1 listo para celebrar en el pa\u00eds la versi\u00f3n XXXIII del Caribbean Amateur Junior Golf Championships, del 30 de julio al 4 de agosto, en el campo de golf de Punta Blanca Golf Course, de Punta Cana. Alfredo R\u00edos, director del evento [&hellip;]<\/p>\n","protected":false},"author":7,"featured_media":289693,"comment_status":"closed","ping_status":"","sticky":true,"template":"","format":"standard","meta":{"footnotes":""},"categories":[17,27],"tags":[],"class_list":["post-289682","post","type-post","status-publish","format-standard","has-post-thumbnail","hentry","category-deportes","category-portada"],"_links":{"self":[{"href":"https:\/\/diariodominicano.com\/index.php?rest_route=\/wp\/v2\/posts\/289682","targetHints":{"allow":["GET"]}}],"collection":[{"href":"https:\/\/diariodominicano.com\/index.php?rest_route=\/wp\/v2\/posts"}],"about":[{"href":"https:\/\/diariodominicano.com\/index.php?rest_route=\/wp\/v2\/types\/post"}],"author":[{"embeddable":true,"href":"https:\/\/diariodominicano.com\/index.php?rest_route=\/wp\/v2\/users\/7"}],"replies":[{"embeddable":true,"href":"https:\/\/diariodominicano.com\/index.php?rest_route=%2Fwp%2Fv2%2Fcomments&post=289682"}],"version-history":[{"count":2,"href":"https:\/\/diariodominicano.com\/index.php?rest_route=\/wp\/v2\/posts\/289682\/revisions"}],"predecessor-version":[{"id":289694,"href":"https:\/\/diariodominicano.com\/index.php?rest_route=\/wp\/v2\/posts\/289682\/revisions\/289694"}],"wp:featuredmedia":[{"embeddable":true,"href":"https:\/\/diariodominicano.com\/index.php?rest_route=\/wp\/v2\/media\/289693"}],"wp:attachment":[{"href":"https:\/\/diariodominicano.com\/index.php?rest_route=%2Fwp%2Fv2%2Fmedia&parent=289682"}],"wp:term":[{"taxonomy":"category","embeddable":true,"href":"https:\/\/diariodominicano.com\/index.php?rest_route=%2Fwp%2Fv2%2Fcategories&post=289682"},{"taxonomy":"post_tag","embeddable":true,"href":"https:\/\/diariodominicano.com\/index.php?rest_route=%2Fwp%2Fv2%2Ftags&post=289682"}],"curies":[{"name":"wp","href":"https:\/\/api.w.org\/{rel}","templated":true}]}}