{"id":289680,"date":"2021-07-29T21:05:13","date_gmt":"2021-07-30T01:05:13","guid":{"rendered":"http:\/\/diariodominicano.com\/?p=289680"},"modified":"2021-07-29T21:05:56","modified_gmt":"2021-07-30T01:05:56","slug":"juez-ramon-aristides-madera-felicita-al-cnm-por-la-buena-seleccion-de-los-nuevos-integrantes-de-tse","status":"publish","type":"post","link":"https:\/\/diariodominicano.com\/?p=289680","title":{"rendered":"Juez Ram\u00f3n Ar\u00edstides Madera felicita al CNM por la buena selecci\u00f3n de los nuevos integrantes de TSE"},"content":{"rendered":"\n<p>El Dr. Ram\u00f3n Ar\u00edstides Madera Arias, ex Juez del Tribunal Superior Electoral felicit\u00f3 al Consejo Nacional de la Magistratura por la buena selecci\u00f3n de los nuevos integrantes de esa Alta Corte, a los que calific\u00f3 de personas \u00edntegras y bien intencionadas, a los cuales exhort\u00f3 para que contin\u00faen la buena labor que hicieron al frente de la misma, en defensa de la democracia y de los mejores intereses del pa\u00eds.<\/p>\n\n\n\n<figure class=\"wp-block-image is-style-default\"><img decoding=\"async\" src=\"https:\/\/nuevodiario-assets.s3.us-east-2.amazonaws.com\/wp-content\/uploads\/2020\/10\/Madera-Arias-e1602266197574.jpg\" alt=\"Juez Madera Arias garantiza hacer respetar la voluntad popular y la  integridad de las elecciones\"\/><\/figure>\n\n\n\n<p>Manifest\u00f3 el Magistrado Madera Arias, que as\u00ed como el Presidente Luis Abinader y el ex Presidente Leonel Fern\u00e1ndez, hicieron una alianza estrat\u00e9gica en defensa de la Constituci\u00f3n e impidieron que la misma se reforme porque consideraban que la democracia estaba en peligro, los cuales se manifestaron de diversas maneras, incluyendo la realizaci\u00f3n de marchas, protestas y m\u00edtines frente al Congreso Nacional, del mismo modo, el Tribunal Superior Electoral jug\u00f3 un rol estelar a los mismos fines.<\/p>\n\n\n\n<p>Por otra parte, el Magistrado Madera Arias dijo que con su actitud como miembro del Tribunal Superior Electoral, con sus votos disidentes y otros accionar, contribuy\u00f3 a salvar la democracia, porque la misma estaba en peligro, por el hecho de que se vislumbraba un fraude electoral colosal con la implementaci\u00f3n del voto automatizado, que de haberse llevado a cabo la realizaci\u00f3n de las elecciones con ese sistema en el mes de julio del a\u00f1o 2020, a Luis Abinader lo iban a masacrar en las elecciones, las cuales se <\/p>\n\n\n\n<figure class=\"wp-block-image size-large is-style-default\"><img loading=\"lazy\" decoding=\"async\" width=\"1024\" height=\"538\" src=\"https:\/\/diariodominicano.com\/wp-content\/uploads\/2021\/07\/image-70-1024x538.png\" alt=\"\" class=\"wp-image-289684\" srcset=\"https:\/\/diariodominicano.com\/wp-content\/uploads\/2021\/07\/image-70-1024x538.png 1024w, https:\/\/diariodominicano.com\/wp-content\/uploads\/2021\/07\/image-70-300x158.png 300w, https:\/\/diariodominicano.com\/wp-content\/uploads\/2021\/07\/image-70-768x403.png 768w, https:\/\/diariodominicano.com\/wp-content\/uploads\/2021\/07\/image-70-816x429.png 816w, https:\/\/diariodominicano.com\/wp-content\/uploads\/2021\/07\/image-70.png 1350w\" sizes=\"auto, (max-width: 1024px) 100vw, 1024px\" \/><\/figure>\n\n\n\n<p>iban a convertir en un matadero electoral.<\/p>\n\n\n\n<p>&nbsp;\u201cSuerte que el sistema fall\u00f3 en las elecciones generales municipales del 16 de febrero del a\u00f1o 2020, porque de no haber sucedido, las consecuencias para la estabilidad pol\u00edtica, la paz p\u00fablica y la democracia hubieran sido impredecible\u201d, expres\u00f3 el magistrado Madera Arias.<\/p>\n\n\n\n<p>El Dr. Ram\u00f3n Ar\u00edstides Madera Arias dijo que mediante sus votos disidentes, con los cuales de una manera clara y precisa criticaba las maniobras fraudulentas que se estaban gestando en la Junta Central Electoral, la falta de transparencia, la falta de credibilidad del m\u00e9todo de votaci\u00f3n implementado, las medidas mal sanas que se realizaban en la Junta Central Electoral; el mensaje de Whatsapp que les enviaron desde la Junta Central Electoral a varios jueces del Tribunal Superior Electoral en el momento<\/p>\n\n\n\n<p>de las deliberaciones de esa Alta Corte, con motivo de la demanda interpuesta por el Dr. Leonel Fern\u00e1ndez en las primarias abiertas y simult\u00e1neas que tuvo lugar en el mes de octubre del a\u00f1o 2019, el cual aleg\u00f3 que fue v\u00edctima de un fraude electoral; su mensaje sobre el da\u00f1o que se les estaba haciendo al pa\u00eds y al sistema electoral con el voto automatizado; la critica a las injusticias que se cometieron en contra del t\u00e9cnico de la empresa telef\u00f3nica Claro \u2013Codetel y del Coronel Ram\u00f3n Antonio Guzm\u00e1n Peralta, sirvieron para crear la conciencia nacional y de fuente de inspiraci\u00f3n para motivar y despertar a los j\u00f3venes de clase media que se congregaron frente a la plaza de la Bandera en defensa de la democracia y de la soberan\u00eda popular.<\/p>\n\n\n\n<p>Declar\u00f3 el Magistrado Ram\u00f3n Ar\u00edstides Madera Arias, que su \u00fanico inter\u00e9s en continuar como Juez del Tribunal Superior Electoral, era para seguir luchando por el fortalecimiento de la democracia y de la institucionalidad del pa\u00eds, para que en la Rep\u00fablica Dominicana haya m\u00e1s democracia, y mejor calidad de la democracia, y continuar luchando en defensa de los sectores vulnerables, excluidos, minoritarios y de los mejores intereses nacionales.<\/p>\n\n\n\n<p>Seg\u00fan Madera Arias, entre las metas que se propon\u00eda desarrollar en el Tribunal Superior Electoral, estaban: luchar para mejorar el sistema electoral dominicano, a fin de que el mismo sea menos costoso, trasparente y que facilite el acceso a los cargos de&nbsp; elecci\u00f3n popular de representantes de m\u00e1s calidad en el poder legislativo y en el nivel municipal; crear la escuela de la democracia dominicana; fundar el museo de la democracia dominicana; luchar para que los partidos pol\u00edticos est\u00e9n obligados a postular<\/p>\n\n\n\n<p>el 37 o el 38 por ciento de j\u00f3venes a los cargos de elecci\u00f3n popular, en la misma proporci\u00f3n que \u00e9stos representan en el padr\u00f3n electoral; que se haga real y efectiva la elecci\u00f3n de una proporci\u00f3n de mujeres que oscile entre el 48 al 52 por ciento de todos los cargos legislativos y municipales, a fin de garantizar la verdadera equidad, igualdad y paridad de g\u00e9nero, entre otros proyectos.<\/p>\n\n\n\n<p>Por \u00faltimo, el Magistrado Madera Arias se siente satisfecho con el trabajo realizado en el Tribunal Superior Electoral, porque contribuy\u00f3 a salvar la democracia dominicana, la cual estaba en estado de coma; y que coadyuv\u00f3 a despertar la conciencia de los j\u00f3venes de clase media, los cuales estaban indiferentes y en un letargo con relaci\u00f3n a los valores democr\u00e1ticos, al patriotismo y a la participaci\u00f3n en las actividades pol\u00edticas.<\/p>\n\n\n\n<p>En ese sentido, declar\u00f3 que respeta y apoya la decisi\u00f3n del Consejo Nacional de la Magistratura de haberlo excluido de la Alta Corte, porque como un gran dem\u00f3crata y patriota que se considera, describe su desvinculaci\u00f3n del cargo como parte del juego de la democracia <\/p>\n\n\n\n<p>Fuente <strong>G\u00e9nesis de la Cruz<\/strong><\/p>\n","protected":false},"excerpt":{"rendered":"<p>El Dr. Ram\u00f3n Ar\u00edstides Madera Arias, ex Juez del Tribunal Superior Electoral felicit\u00f3 al Consejo Nacional de la Magistratura por la buena selecci\u00f3n de los nuevos integrantes de esa Alta Corte, a los que calific\u00f3 de personas \u00edntegras y bien intencionadas, a los cuales exhort\u00f3 para que contin\u00faen la buena labor que hicieron al frente [&hellip;]<\/p>\n","protected":false},"author":7,"featured_media":289684,"comment_status":"closed","ping_status":"","sticky":true,"template":"","format":"standard","meta":{"footnotes":""},"categories":[20,27],"tags":[],"class_list":["post-289680","post","type-post","status-publish","format-standard","has-post-thumbnail","hentry","category-dominicana-hoy","category-portada"],"_links":{"self":[{"href":"https:\/\/diariodominicano.com\/index.php?rest_route=\/wp\/v2\/posts\/289680","targetHints":{"allow":["GET"]}}],"collection":[{"href":"https:\/\/diariodominicano.com\/index.php?rest_route=\/wp\/v2\/posts"}],"about":[{"href":"https:\/\/diariodominicano.com\/index.php?rest_route=\/wp\/v2\/types\/post"}],"author":[{"embeddable":true,"href":"https:\/\/diariodominicano.com\/index.php?rest_route=\/wp\/v2\/users\/7"}],"replies":[{"embeddable":true,"href":"https:\/\/diariodominicano.com\/index.php?rest_route=%2Fwp%2Fv2%2Fcomments&post=289680"}],"version-history":[{"count":3,"href":"https:\/\/diariodominicano.com\/index.php?rest_route=\/wp\/v2\/posts\/289680\/revisions"}],"predecessor-version":[{"id":289687,"href":"https:\/\/diariodominicano.com\/index.php?rest_route=\/wp\/v2\/posts\/289680\/revisions\/289687"}],"wp:featuredmedia":[{"embeddable":true,"href":"https:\/\/diariodominicano.com\/index.php?rest_route=\/wp\/v2\/media\/289684"}],"wp:attachment":[{"href":"https:\/\/diariodominicano.com\/index.php?rest_route=%2Fwp%2Fv2%2Fmedia&parent=289680"}],"wp:term":[{"taxonomy":"category","embeddable":true,"href":"https:\/\/diariodominicano.com\/index.php?rest_route=%2Fwp%2Fv2%2Fcategories&post=289680"},{"taxonomy":"post_tag","embeddable":true,"href":"https:\/\/diariodominicano.com\/index.php?rest_route=%2Fwp%2Fv2%2Ftags&post=289680"}],"curies":[{"name":"wp","href":"https:\/\/api.w.org\/{rel}","templated":true}]}}