{"id":289673,"date":"2021-07-29T19:07:47","date_gmt":"2021-07-29T23:07:47","guid":{"rendered":"http:\/\/diariodominicano.com\/?p=289673"},"modified":"2021-07-29T19:07:47","modified_gmt":"2021-07-29T23:07:47","slug":"participacion-ciudadana-realiza-webinar-dominicanas-y-dominicanos-pero-sin-derechos","status":"publish","type":"post","link":"https:\/\/diariodominicano.com\/?p=289673","title":{"rendered":"Participaci\u00f3n Ciudadana realiza webinar Dominicanas y dominicanos, pero sin derechos"},"content":{"rendered":"\n<p>diariodominicano.com<\/p>\n\n\n\n<p><strong>Santo Domingo, R. D.,  29 de julio, 2021.-\u00a0<\/strong>El movimiento c\u00edvico Participaci\u00f3n Ciudadana en coordinaci\u00f3n con la Defensor\u00eda del Pueblo, el Movimiento Reconocido y la Oficina del Alto Comisionado de las Naciones Unidas para los Refugiados (ACNUR), realiz\u00f3 el webinar \u201cDominicanas y dominicanos, pero sin derechos\u201d.<\/p>\n\n\n\n<p>Durante las palabras de bienvenida, Leidy Blanco Garc\u00eda, coordinadora general del movimiento c\u00edvico, destac\u00f3 que en&nbsp;esta ocasi\u00f3n Participaci\u00f3n Ciudadana ha aunado esfuerzos con el Alto comisionado de las Naciones Unidas para los refugiados (ACNUR) y la Defensor\u00eda del Pueblo, con la finalidad de promover una conversaci\u00f3n&nbsp; propositiva y reflexiva sobre la situaci\u00f3n de&nbsp;apatridia o riesgo de apatridia&nbsp;en que se encuentran muchos dominicanos y dominicanas como consecuencia de la sentencia del Tribunal Constitucional 168-13.<\/p>\n\n\n\n<p>\u201cEsa decisi\u00f3n del Tribunal Constitucional contraviene los principios fundamentales en que se afianza la Constituci\u00f3n dominicana actual, la dignidad humana y, por ende, violenta todos los derechos fundamentales inherentes al ser humano, por lo que se debe analizar que la Rep\u00fablica Dominicana no solamente es el pa\u00eds con mayor n\u00famero de&nbsp;ap\u00e1tridas&nbsp;en el Caribe, sino que es uno de los pa\u00edses con mayor n\u00famero de&nbsp;ap\u00e1tridas&nbsp;en el mundo\u201d, afirm\u00f3 la coordinadora del movimiento c\u00edvico.<\/p>\n\n\n\n<p>Gabriel Godoy, jefe de misi\u00f3n de la Oficina del Alto Comisionado de las Naciones Unidas para los Refugiados&nbsp;(ACNUR), subray\u00f3 la relevancia del plan de acci\u00f3n mundial y de la campa\u00f1a #IBelong (#YoPertenezco) para que los que pa\u00edses pueden trabajar en la identificaci\u00f3n, la prevenci\u00f3n, la reducci\u00f3n y la protecci\u00f3n de las personas que est\u00e9n en situaci\u00f3n de&nbsp;apatridia&nbsp;o riesgo de&nbsp;apatridia. De acuerdo con Godoy,&nbsp;la meta global es&nbsp;erradicar esta situaci\u00f3n hasta el a\u00f1o 2024, aprovechando las&nbsp;molduras de las Convenciones de la ONU sobre Apatridia de 1954 y de 1961 como directrices para responder a los diferentes desaf\u00edos en la regi\u00f3n de Las Am\u00e9ricas y del Caribe.<\/p>\n\n\n\n<p>\u201cInvitamos a los Estados a tomar medidas pol\u00edticas y jur\u00eddicas para evitar el riesgo de apatridia, promoviendo el acceso universal al registro de nacimientos y el reconocimiento de la identidad legal en acuerdo con la meta 9 del Objetivo de Desarrollo sostenible 16 de la Agenda 2030 (\u2026); el acceso efectivo a la nacionalidad es el derecho a tener derechos\u201d, resalt\u00f3 Gabriel Godoy.<\/p>\n\n\n\n<p>Alberto Fiallo-Billini, oficial de relaciones institucionales del ACNUR, explic\u00f3 el contexto actual&nbsp;de las personas&nbsp;afectadas por la sentencia del Tribunal Constitucional 168-13 que fueron beneficiadas por la Ley 169-14, puntualizando que 34,900 personas cuya nacionalidad dominicana ha sido confirmada a\u00fan no tienen su documentaci\u00f3n nacional, seg\u00fan previ\u00f3 la auditor\u00eda realizada en el a\u00f1o 2014 la&nbsp;Ley 169-14.<\/p>\n\n\n\n<p>\u201cLa situaci\u00f3n de las personas nacidas en Rep\u00fablica Dominicana desde 1929 que no se encontraban registradas en el Registro Civil al momento de la emisi\u00f3n de la sentencia, pero que aplicaron al plan de regulaci\u00f3n y naturalizaci\u00f3n establecido en la Ley 169-14 dentro del plazo de 180 d\u00edas establecido por el Estado, fueron 8,768, de las cuales 7,147 han sido aprobadas por el&nbsp;Ministerio Interior y Polic\u00eda&nbsp;(MIP) como elegibles&nbsp;<a>para ser documentadas y posteriormente naturalizadas<\/a>, incluyendo las 588 personas observadas que lograron completar sus expedientes antes del 30 de septiembre de 2019 con el apoyo directo del del Alto Comisionado de las Naciones Unidas para los Refugiados y sus socios en la Rep\u00fablica Dominicana. Es un verdadero drama humano lo que estamos viviendo en la Rep\u00fablica Dominicana que puede ser resuelto con voluntad institucional\u201d, destac\u00f3 Fiallo-Billini.<\/p>\n\n\n\n<p>Elena Lorac, coordinadora nacional del Movimiento Reconocido, afirm\u00f3 que la Ley 169-14, emitidita por el Poder Ejecutivo en el a\u00f1o 2014 como una forma de buscar una salida a las realidades que viven los dominicanos y dominicanas que fueron privados de su nacionalidad en 2013, fue promulgada gracias a los esfuerzos de las organizaciones de la sociedad civil, sin embargo, esta Ley ha fragmentado a\u00fan m\u00e1s la realidad y la situaci\u00f3n de estas personas.<\/p>\n\n\n\n<p>\u201cLos j\u00f3venes que nos vimos afectados por la Sentencia 168-13 somos dominicanos y dominicanas, pero sin derechos, ya que la realidad no nos permite avanzar con nuestros proyectos, ni realizar nuestros sue\u00f1os. Nuestros derechos est\u00e1n siendo violentados por todos los mecanismos y dispositivos legales y administrativos que se han venido dando desde el a\u00f1o 2007. Al Estado no garantizar nuestros derechos esto va en decadencia en todo nuestro desarrollo personal y humano y, por ende, de nuestro pa\u00eds\u201d, subray\u00f3 Lorac.<\/p>\n\n\n\n<p>Harold Modesto, secretario general de la Defensor\u00eda del Pueblo, se\u00f1al\u00f3 que lo importante, lo clave, lo distintivo es entender que bajo ning\u00fan concepto, en ninguna circunstancia, es admisible que una persona, independientemente de su estatus jur\u00eddico, no pueda gozar de derechos m\u00e1s b\u00e1sicos, derechos que se encuentran establecidos en clave constitucional como derechos fundamentales y que deben alcanzar a todas las personas. &nbsp;<\/p>\n\n\n\n<p>Crist\u00f3bal Rodr\u00edguez, abogado constitucionalista, critic\u00f3 el sustento constitucional de la sentencia del Tribunal Constitucional 168-13, resaltando lo delicada de la tarea de construir una salida a la situaci\u00f3n creada por ella mediante una pieza legislativa. Precis\u00f3 que lo que est\u00e1 de por medio es una situaci\u00f3n que divide a la sociedad dominicana, y es un proceso dif\u00edcil, lento y agotador, pero no debe paralizarse.<\/p>\n\n\n\n<p>Con este encuentro Participaci\u00f3n Ciudadana reafirma su compromiso con la defensa integral de los derechos humanos y la construcci\u00f3n de un estado social democr\u00e1tico y de derecho, que incluya a todos y a todas.<\/p>\n\n\n\n<p><strong>28 de julio de 2021<\/strong><\/p>\n\n\n\n<p>Fuente:  Comunicaciones<\/p>\n","protected":false},"excerpt":{"rendered":"<p>diariodominicano.com Santo Domingo, R. D., 29 de julio, 2021.-\u00a0El movimiento c\u00edvico Participaci\u00f3n Ciudadana en coordinaci\u00f3n con la Defensor\u00eda del Pueblo, el Movimiento Reconocido y la Oficina del Alto Comisionado de las Naciones Unidas para los Refugiados (ACNUR), realiz\u00f3 el webinar \u201cDominicanas y dominicanos, pero sin derechos\u201d. Durante las palabras de bienvenida, Leidy Blanco Garc\u00eda, coordinadora [&hellip;]<\/p>\n","protected":false},"author":5,"featured_media":289674,"comment_status":"closed","ping_status":"","sticky":true,"template":"","format":"standard","meta":{"footnotes":""},"categories":[20,27],"tags":[],"class_list":["post-289673","post","type-post","status-publish","format-standard","has-post-thumbnail","hentry","category-dominicana-hoy","category-portada"],"_links":{"self":[{"href":"https:\/\/diariodominicano.com\/index.php?rest_route=\/wp\/v2\/posts\/289673","targetHints":{"allow":["GET"]}}],"collection":[{"href":"https:\/\/diariodominicano.com\/index.php?rest_route=\/wp\/v2\/posts"}],"about":[{"href":"https:\/\/diariodominicano.com\/index.php?rest_route=\/wp\/v2\/types\/post"}],"author":[{"embeddable":true,"href":"https:\/\/diariodominicano.com\/index.php?rest_route=\/wp\/v2\/users\/5"}],"replies":[{"embeddable":true,"href":"https:\/\/diariodominicano.com\/index.php?rest_route=%2Fwp%2Fv2%2Fcomments&post=289673"}],"version-history":[{"count":1,"href":"https:\/\/diariodominicano.com\/index.php?rest_route=\/wp\/v2\/posts\/289673\/revisions"}],"predecessor-version":[{"id":289675,"href":"https:\/\/diariodominicano.com\/index.php?rest_route=\/wp\/v2\/posts\/289673\/revisions\/289675"}],"wp:featuredmedia":[{"embeddable":true,"href":"https:\/\/diariodominicano.com\/index.php?rest_route=\/wp\/v2\/media\/289674"}],"wp:attachment":[{"href":"https:\/\/diariodominicano.com\/index.php?rest_route=%2Fwp%2Fv2%2Fmedia&parent=289673"}],"wp:term":[{"taxonomy":"category","embeddable":true,"href":"https:\/\/diariodominicano.com\/index.php?rest_route=%2Fwp%2Fv2%2Fcategories&post=289673"},{"taxonomy":"post_tag","embeddable":true,"href":"https:\/\/diariodominicano.com\/index.php?rest_route=%2Fwp%2Fv2%2Ftags&post=289673"}],"curies":[{"name":"wp","href":"https:\/\/api.w.org\/{rel}","templated":true}]}}