{"id":289670,"date":"2021-07-29T19:04:03","date_gmt":"2021-07-29T23:04:03","guid":{"rendered":"http:\/\/diariodominicano.com\/?p=289670"},"modified":"2021-07-29T19:04:03","modified_gmt":"2021-07-29T23:04:03","slug":"entidades-anuncian-inicio-de-recertificacion-de-medicos-dominicanos","status":"publish","type":"post","link":"https:\/\/diariodominicano.com\/?p=289670","title":{"rendered":"Entidades anuncian inicio de recertificaci\u00f3n de m\u00e9dicos dominicanos"},"content":{"rendered":"\n<p>diariodominicano.com<\/p>\n\n\n\n<p>Santo Domingo, R. D.,  29 de julio. 2021.-  El Consejo Nacional de Recertificaci\u00f3n M\u00e9dica (CONAREM) inform\u00f3 que luego de un estancamiento por casi 20 a\u00f1os, \u00a0ser\u00e1n recertificados los primeros 85 m\u00e9dicos dominicanos, como parte de un proceso obligatorio contemplado en la Ley de Colegiaci\u00f3n M\u00e9dica.<\/p>\n\n\n\n<p>El anuncio fue hecho durante una rueda de prensa efectuada en el MESCYT, por el titular del \u00f3rgano regulador de la educaci\u00f3n superior, doctor Franklin Garc\u00eda Ferm\u00edn, el presidente y el director ejecutivo del CONAREM, doctores Justo Nicasio y Severo Mercedes.<\/p>\n\n\n\n<p>En virtud de lo establecido en&nbsp; el art\u00edculo 29 de la le Ley, la Recertificaci\u00f3n Autom\u00e1tica ser\u00e1 otorgada a \u201c<em>aquellos profesionales con una trayectoria p\u00fablica de vida profesional y acad\u00e9mica reconocida por la comunidad m\u00e9dica y acad\u00e9mica por haber acumulado m\u00e9ritos de por vida\u201d<\/em>, raz\u00f3n por la que en el acto de apertura de la misma, el CONAREM reconocer\u00e1 a 53 maestros de la medicina dominicana y otros 31 representantes seleccionados de las sociedades m\u00e9dicas especializadas, como los primeros candidatos acogidos al proceso.<\/p>\n\n\n\n<p>Adem\u00e1s del MESCYT, el CONAREM est\u00e1 integrado por el Colegio M\u00e9dico Dominicano (CMD), el Ministerio de Salud P\u00fablica (MSP), la Universidad Aut\u00f3noma de Santo Domingo (UASD), el Servicio Nacional de Salud (SNS), el Ministerio de Defensa (MIDE) y la Asociaci\u00f3n Dominicana de Facultades de Escuelas de Medicina (ADOFEM).<\/p>\n\n\n\n<p>El acto formal que marca la fase de implementaci\u00f3n de este proceso, ser\u00e1 efectuado el pr\u00f3ximo&nbsp; cuatro de agosto del corriente a\u00f1o, en el Sal\u00f3n Las Cari\u00e1tides del Palacio Nacional, con la presencia del presidente Luis Abinader.&nbsp;<\/p>\n\n\n\n<p>Los estatutos establecen que la Recertificaci\u00f3n M\u00e9dica debe aplicarse cada cinco a\u00f1os, como una forma de contribuir con la calidad de los servicios de salud, a partir de una oferta de recursos humanos altamente calificados, manteniendo las competencias de los profesionales del Sistema Nacional de Salud, mediante la actualizaci\u00f3n de sus conocimientos y pr\u00e1cticas, fortaleciendo actitudes dentro del marco relativo de la salud y reconociendo a los&nbsp; que cumplen los est\u00e1ndares establecidos.<\/p>\n\n\n\n<p>El Ministro del MESCYT, doctor Franklin Garc\u00eda Ferm\u00edn, destac\u00f3 que es un paso trascendental para el pa\u00eds y la salud de los dominicanos, debido a que todos los m\u00e9dicos egresados de las universidades cada cinco a\u00f1os deber\u00e1n someterse a una evaluaci\u00f3n para una nueva certificaci\u00f3n.<\/p>\n\n\n\n<p>\u201cA partir de la llegada del nuevo gobierno, con la participaci\u00f3n activa del Colegio M\u00e9dico, el Ministerio de Salud P\u00fablica y otras instancias se hizo un trabajo extraordinario\u201d, destac\u00f3 el funcionario.&nbsp;&nbsp;&nbsp;&nbsp;<\/p>\n\n\n\n<p>De su lado, Justo Nicasio y Severo Mercedes Acosta, presidente y director ejecutivo de CONAREM, explicaron que para ser recertificados, primeramente los m\u00e9dicos deben estar certificados por el MESCYT, adem\u00e1s de presentar una serie de documentos que avalen la capacitaci\u00f3n acad\u00e9mica, as\u00ed como actividades docentes y rotaciones por hospitales y departamentos.<\/p>\n\n\n\n<p>Estuvieron presentes el viceministro de Evaluaci\u00f3n y Acreditaci\u00f3n de las IES, Juan Francisco Viloria; en representaci\u00f3n del Ministerio de Defensa el coronel, F\u00e9lix Contreras Esmurdoc; Miguel Polonio, de la Asociaci\u00f3n Dominicana de Facultades de Escuelas de Medicina (ADOFEM), Francis Victoria Castillo, del Ministerio de Salud P\u00fablica y Asistencia Social , as\u00ed como Esther Rivas Ferm\u00edn, del Servicio Nacional de Salud.\u00a0\u00a0<\/p>\n\n\n\n<p>Fuente:  <strong>Federico M\u00e9ndez Nova<\/strong><\/p>\n","protected":false},"excerpt":{"rendered":"<p>diariodominicano.com Santo Domingo, R. D., 29 de julio. 2021.- El Consejo Nacional de Recertificaci\u00f3n M\u00e9dica (CONAREM) inform\u00f3 que luego de un estancamiento por casi 20 a\u00f1os, \u00a0ser\u00e1n recertificados los primeros 85 m\u00e9dicos dominicanos, como parte de un proceso obligatorio contemplado en la Ley de Colegiaci\u00f3n M\u00e9dica. El anuncio fue hecho durante una rueda de prensa [&hellip;]<\/p>\n","protected":false},"author":5,"featured_media":289671,"comment_status":"closed","ping_status":"","sticky":true,"template":"","format":"standard","meta":{"footnotes":""},"categories":[20,27],"tags":[],"class_list":["post-289670","post","type-post","status-publish","format-standard","has-post-thumbnail","hentry","category-dominicana-hoy","category-portada"],"_links":{"self":[{"href":"https:\/\/diariodominicano.com\/index.php?rest_route=\/wp\/v2\/posts\/289670","targetHints":{"allow":["GET"]}}],"collection":[{"href":"https:\/\/diariodominicano.com\/index.php?rest_route=\/wp\/v2\/posts"}],"about":[{"href":"https:\/\/diariodominicano.com\/index.php?rest_route=\/wp\/v2\/types\/post"}],"author":[{"embeddable":true,"href":"https:\/\/diariodominicano.com\/index.php?rest_route=\/wp\/v2\/users\/5"}],"replies":[{"embeddable":true,"href":"https:\/\/diariodominicano.com\/index.php?rest_route=%2Fwp%2Fv2%2Fcomments&post=289670"}],"version-history":[{"count":1,"href":"https:\/\/diariodominicano.com\/index.php?rest_route=\/wp\/v2\/posts\/289670\/revisions"}],"predecessor-version":[{"id":289672,"href":"https:\/\/diariodominicano.com\/index.php?rest_route=\/wp\/v2\/posts\/289670\/revisions\/289672"}],"wp:featuredmedia":[{"embeddable":true,"href":"https:\/\/diariodominicano.com\/index.php?rest_route=\/wp\/v2\/media\/289671"}],"wp:attachment":[{"href":"https:\/\/diariodominicano.com\/index.php?rest_route=%2Fwp%2Fv2%2Fmedia&parent=289670"}],"wp:term":[{"taxonomy":"category","embeddable":true,"href":"https:\/\/diariodominicano.com\/index.php?rest_route=%2Fwp%2Fv2%2Fcategories&post=289670"},{"taxonomy":"post_tag","embeddable":true,"href":"https:\/\/diariodominicano.com\/index.php?rest_route=%2Fwp%2Fv2%2Ftags&post=289670"}],"curies":[{"name":"wp","href":"https:\/\/api.w.org\/{rel}","templated":true}]}}