{"id":289668,"date":"2021-07-29T18:59:08","date_gmt":"2021-07-29T22:59:08","guid":{"rendered":"http:\/\/diariodominicano.com\/?p=289668"},"modified":"2021-07-29T18:59:08","modified_gmt":"2021-07-29T22:59:08","slug":"jce-saluda-medida-de-coercion-contra-empleado-senalado-por-robo","status":"publish","type":"post","link":"https:\/\/diariodominicano.com\/?p=289668","title":{"rendered":"JCE saluda medida de coerci\u00f3n contra empleado se\u00f1alado por robo"},"content":{"rendered":"\n<p>diariodominicano.com<\/p>\n\n\n\n<p><em><u>JCE recuerda habr\u00e1 tolerancia cero contra actos il\u00edcitos a lo interno de la entidad sin distinci\u00f3n<\/u><\/em><\/p>\n\n\n\n<p>\u00a0Santo Domingo, R. D., 29 de julio, 2021.- \u00a0La Junta Central Electoral (JCE) saluda la imposici\u00f3n de medida de coerci\u00f3n contra Aneudy Alexander Ferrand Abreu, quien habr\u00eda usado su condici\u00f3n de empleado para sustraer y comercializar equipos electr\u00f3nicos propiedad de la Instituci\u00f3n.<\/p>\n\n\n\n<p>Conforme a una nota de prensa de la Procuradur\u00eda General de la Rep\u00fablica el juez Juan Francisco Rodr\u00edguez Consor\u00f3 impuso tres meses de prisi\u00f3n preventiva a Ferrand Abreu, quien deber\u00e1 cumplirla en el Centro de Correcci\u00f3n y Rehabilitaci\u00f3n Najayo Hombres, en San Crist\u00f3bal. &nbsp;<\/p>\n\n\n\n<p>Durante la solicitud de medida de coerci\u00f3n la JCE, representada por su consultor jur\u00eddico, Denny D\u00edaz Mord\u00e1n; el Ministerio P\u00fablico por la fiscal litigante Esther Gonz\u00e1lez Peguero, representante del Ministerio P\u00fablico ante la Junta Central Electoral y el Departamento de Cr\u00edmenes y Delitos contra la Propiedad, sustentaron la solicitud de prisi\u00f3n preventiva en diferentes evidencias testimoniales, documentales y materiales, as\u00ed como im\u00e1genes fotogr\u00e1ficas.<\/p>\n\n\n\n<p>La imposici\u00f3n de la medida va en consonancia con la posici\u00f3n del Pleno de la JCE en el sentido de que toda acci\u00f3n que atente contra la institucionalidad y todo acto il\u00edcito tendr\u00e1 consecuencias. &nbsp;<\/p>\n\n\n\n<p>La instancia de solicitud precisa que el 22 de mayo pasado, el imputado se present\u00f3 a una tienda de equipos electr\u00f3nicos de Villa Mella, municipio Santo Domingo Norte, donde vendi\u00f3 al propietario del establecimiento 22 mini CPU, o procesadores de computadoras, de la marca Hp Pro Desk 400 G4, con los seriales y c\u00f3digos de la entidad responsable de los procesos electorales y del registro civil. &nbsp;<\/p>\n\n\n\n<p>El \u00f3rgano de justicia indic\u00f3 que el 15 de julio, en horas de la madrugada, Ferrand Abreu penetr\u00f3 a otro de los locales del \u00f3rgano electoral, ubicado en Las Colinas, sector Herrera, municipio Santo Domingo Oeste, donde se almacenan equipos de alto costo.<\/p>\n\n\n\n<p>Detall\u00f3 que una vez en el lugar le asegur\u00f3 al guardia de la seguridad que se reunir\u00eda all\u00ed con otros empleados que se dirig\u00edan a Jiman\u00ed a dar un soporte t\u00e9cnico y, a los pocos minutos, sali\u00f3 del lugar con una mochila conteniendo varios mini CPU, entre otros dispositivos, los cuales introdujo en su veh\u00edculo, hecho que fue captado por las c\u00e1maras de seguridad. &nbsp;<\/p>\n\n\n\n<p>\u201cEn fecha 19 de julio del a\u00f1o 2021, el imputado Aneudy Alexander Ferrand Abreu contact\u00f3 al subencargado de Investigaciones ante la Junta Central Electoral con la finalidad de supuestamente entregar equipos que este hab\u00eda sustra\u00eddo, siendo detenido en virtud de una orden de arresto que se hab\u00eda emitido en su contra\u201d, se\u00f1ala el \u00f3rgano de la persecuci\u00f3n penal.<\/p>\n\n\n\n<p>Precisa que al momento del arresto conduc\u00eda un veh\u00edculo en el que se le ocuparon 22 mini CPU, con sus cargadores.<\/p>\n\n\n\n<p>&nbsp;El Ministerio P\u00fablico le atribuye a estos hechos la calificaci\u00f3n jur\u00eddica de violaci\u00f3n a los art\u00edculos 265, 266, 379 y 386-3 del C\u00f3digo Penal, as\u00ed como el art\u00edculo 3, literales A y B, de la Ley 155-17, contra el Lavado de Activos y Financiamiento del Terrorismo.<\/p>\n\n\n\n<p>Fuente:  <strong>Suedi Le\u00f3n Jim\u00e9nez<\/strong><\/p>\n\n\n\n<p>Directora de Comunicaciones<\/p>\n","protected":false},"excerpt":{"rendered":"<p>diariodominicano.com JCE recuerda habr\u00e1 tolerancia cero contra actos il\u00edcitos a lo interno de la entidad sin distinci\u00f3n \u00a0Santo Domingo, R. D., 29 de julio, 2021.- \u00a0La Junta Central Electoral (JCE) saluda la imposici\u00f3n de medida de coerci\u00f3n contra Aneudy Alexander Ferrand Abreu, quien habr\u00eda usado su condici\u00f3n de empleado para sustraer y comercializar equipos electr\u00f3nicos [&hellip;]<\/p>\n","protected":false},"author":5,"featured_media":275236,"comment_status":"closed","ping_status":"","sticky":true,"template":"","format":"standard","meta":{"footnotes":""},"categories":[20,27],"tags":[],"class_list":["post-289668","post","type-post","status-publish","format-standard","has-post-thumbnail","hentry","category-dominicana-hoy","category-portada"],"_links":{"self":[{"href":"https:\/\/diariodominicano.com\/index.php?rest_route=\/wp\/v2\/posts\/289668","targetHints":{"allow":["GET"]}}],"collection":[{"href":"https:\/\/diariodominicano.com\/index.php?rest_route=\/wp\/v2\/posts"}],"about":[{"href":"https:\/\/diariodominicano.com\/index.php?rest_route=\/wp\/v2\/types\/post"}],"author":[{"embeddable":true,"href":"https:\/\/diariodominicano.com\/index.php?rest_route=\/wp\/v2\/users\/5"}],"replies":[{"embeddable":true,"href":"https:\/\/diariodominicano.com\/index.php?rest_route=%2Fwp%2Fv2%2Fcomments&post=289668"}],"version-history":[{"count":1,"href":"https:\/\/diariodominicano.com\/index.php?rest_route=\/wp\/v2\/posts\/289668\/revisions"}],"predecessor-version":[{"id":289669,"href":"https:\/\/diariodominicano.com\/index.php?rest_route=\/wp\/v2\/posts\/289668\/revisions\/289669"}],"wp:featuredmedia":[{"embeddable":true,"href":"https:\/\/diariodominicano.com\/index.php?rest_route=\/wp\/v2\/media\/275236"}],"wp:attachment":[{"href":"https:\/\/diariodominicano.com\/index.php?rest_route=%2Fwp%2Fv2%2Fmedia&parent=289668"}],"wp:term":[{"taxonomy":"category","embeddable":true,"href":"https:\/\/diariodominicano.com\/index.php?rest_route=%2Fwp%2Fv2%2Fcategories&post=289668"},{"taxonomy":"post_tag","embeddable":true,"href":"https:\/\/diariodominicano.com\/index.php?rest_route=%2Fwp%2Fv2%2Ftags&post=289668"}],"curies":[{"name":"wp","href":"https:\/\/api.w.org\/{rel}","templated":true}]}}