{"id":289657,"date":"2021-07-29T18:29:07","date_gmt":"2021-07-29T22:29:07","guid":{"rendered":"http:\/\/diariodominicano.com\/?p=289657"},"modified":"2021-07-29T18:29:07","modified_gmt":"2021-07-29T22:29:07","slug":"chile-activa-estrategia-de-testeo-preventivo-en-colegios-al-retomar-clases-presenciales","status":"publish","type":"post","link":"https:\/\/diariodominicano.com\/?p=289657","title":{"rendered":"Chile activa estrategia de testeo preventivo en colegios al retomar clases presenciales"},"content":{"rendered":"\n<h3 class=\"wp-block-heading\">diariodominicano.com<a rel=\"noreferrer noopener\" href=\"http:\/\/home.xinhua-news.com\/gdsdetailxhs\/share\/9746009-?pageflag=iframe\" target=\"_blank\"><\/a><\/h3>\n\n\n\n<pre id=\"text-news-description\" class=\"wp-block-preformatted\">   SANTIAGO, 29 jul (Xinhua) -- El gobierno de Chile present\u00f3 hoy jueves una estrategia de testeo preventivo para detectar la enfermedad del nuevo coronavirus (COVID-19) en los colegios, al retomarse las clases presenciales en una mayor\u00eda de municipios del pa\u00eds.\n   La subsecretaria de Salud, Paula Daza, anunci\u00f3 en una actividad p\u00fablica la instalaci\u00f3n de m\u00f3viles de B\u00fasqueda Activa de Casos (BAC) para encontrar posibles casos de COVID-19 a trav\u00e9s del testeo gratuito a los alumnos, padres, apoderados, conductores del transporte escolar y comerciantes, entre otros.\n   \"Se ubicar\u00e1n en puntos estrat\u00e9gicos, en la proximidad de los establecimientos educacionales para realizar testeo a toda la comunidad escolar\", dijo Daza, al tiempo que afirm\u00f3 que \"uno de cada tres casos encontrados son personas asintom\u00e1ticas\".\n   En esta l\u00ednea, la funcionaria inst\u00f3 a la poblaci\u00f3n a practicarse pruebas PCR o de ant\u00edgeno con mayor frecuencia, \"porque si encontramos un caso positivo, r\u00e1pidamente podemos aislar a esa persona y a sus contactos estrechos, para que la comunidad escolar pueda continuar sus actividades\".\n   Chile retom\u00f3 oficialmente las clases presenciales el pasado lunes, despu\u00e9s de terminar el receso de invierno y actualizar el protocolo de medidas sanitarias establecido por el gobierno, que permite la apertura de los centros educativos incluso en comunas en confinamiento.\n   La evoluci\u00f3n positiva de la pandemia, las menores cifras de contagio y de hospitalizaciones, sumado al relajamiento de las restricciones a la movilidad, han posibilitado el retorno de los alumnos a las aulas, pero el gremio de los profesores y los apoderados han manifestado dudas sobre la seguridad de esta opci\u00f3n.\n   El ministro de Educaci\u00f3n, Ra\u00fal Figueroa, indic\u00f3 el lunes que espera que unos 10.000 establecimientos educacionales vuelvan a sus actividades presenciales en las siguientes dos semanas, por medio de un sistema h\u00edbrido de ense\u00f1anza, gradual, flexible y voluntario para las familias.\n   Hasta el momento, Chile acumula 1.613.288 casos y 35.295 decesos por la COVID-19 desde el inicio de la pandemia en el pa\u00eds. <\/pre>\n","protected":false},"excerpt":{"rendered":"<p>diariodominicano.com SANTIAGO, 29 jul (Xinhua) &#8212; El gobierno de Chile present\u00f3 hoy jueves una estrategia de testeo preventivo para detectar la enfermedad del nuevo coronavirus (COVID-19) en los colegios, al retomarse las clases presenciales en una mayor\u00eda de municipios del pa\u00eds. La subsecretaria de Salud, Paula Daza, anunci\u00f3 en una actividad p\u00fablica la instalaci\u00f3n de [&hellip;]<\/p>\n","protected":false},"author":5,"featured_media":289658,"comment_status":"closed","ping_status":"","sticky":true,"template":"","format":"standard","meta":{"footnotes":""},"categories":[23,27],"tags":[],"class_list":["post-289657","post","type-post","status-publish","format-standard","has-post-thumbnail","hentry","category-internacional","category-portada"],"_links":{"self":[{"href":"https:\/\/diariodominicano.com\/index.php?rest_route=\/wp\/v2\/posts\/289657","targetHints":{"allow":["GET"]}}],"collection":[{"href":"https:\/\/diariodominicano.com\/index.php?rest_route=\/wp\/v2\/posts"}],"about":[{"href":"https:\/\/diariodominicano.com\/index.php?rest_route=\/wp\/v2\/types\/post"}],"author":[{"embeddable":true,"href":"https:\/\/diariodominicano.com\/index.php?rest_route=\/wp\/v2\/users\/5"}],"replies":[{"embeddable":true,"href":"https:\/\/diariodominicano.com\/index.php?rest_route=%2Fwp%2Fv2%2Fcomments&post=289657"}],"version-history":[{"count":1,"href":"https:\/\/diariodominicano.com\/index.php?rest_route=\/wp\/v2\/posts\/289657\/revisions"}],"predecessor-version":[{"id":289659,"href":"https:\/\/diariodominicano.com\/index.php?rest_route=\/wp\/v2\/posts\/289657\/revisions\/289659"}],"wp:featuredmedia":[{"embeddable":true,"href":"https:\/\/diariodominicano.com\/index.php?rest_route=\/wp\/v2\/media\/289658"}],"wp:attachment":[{"href":"https:\/\/diariodominicano.com\/index.php?rest_route=%2Fwp%2Fv2%2Fmedia&parent=289657"}],"wp:term":[{"taxonomy":"category","embeddable":true,"href":"https:\/\/diariodominicano.com\/index.php?rest_route=%2Fwp%2Fv2%2Fcategories&post=289657"},{"taxonomy":"post_tag","embeddable":true,"href":"https:\/\/diariodominicano.com\/index.php?rest_route=%2Fwp%2Fv2%2Ftags&post=289657"}],"curies":[{"name":"wp","href":"https:\/\/api.w.org\/{rel}","templated":true}]}}