{"id":289654,"date":"2021-07-29T18:20:54","date_gmt":"2021-07-29T22:20:54","guid":{"rendered":"http:\/\/diariodominicano.com\/?p=289654"},"modified":"2021-07-29T18:20:54","modified_gmt":"2021-07-29T22:20:54","slug":"presidente-abinader-recibe-a-la-actriz-y-productora-cinematografica-jane-chaplin","status":"publish","type":"post","link":"https:\/\/diariodominicano.com\/?p=289654","title":{"rendered":"Presidente Abinader recibe a la actriz y productora cinematogr\u00e1fica Jane Chaplin"},"content":{"rendered":"\n<p>diariodominicano.com<\/p>\n\n\n\n<p>Santo Domingo, R. D., 29 de julio, 2021.- El presidente Luis Abinader recibi\u00f3 este jueves a la actriz, productora y guionista Jane Chaplin, con quien convers\u00f3 sobre temas vinculados a la cultura dominicana, en especial sobre el g\u00e9nero bachata.<\/p>\n\n\n\n<p>El gobernante expres\u00f3 en el encuentro que su gobierno siempre apoyar\u00e1 el arte y la m\u00fasica criolla.<\/p>\n\n\n\n<p>Acompa\u00f1\u00f3 al presidente, en el encuentro en el Palacio Nacional, la primera dama, Raquel Arbaje.<\/p>\n\n\n\n<p>Jane, hija del actor brit\u00e1nico Charles Chaplin, naci\u00f3 en Suiza y actualmente reside en Colombia. Se ha declarado una enamorada de la m\u00fasica, la cultura caribe\u00f1a, en especial del auge de la bachata en el mundo.<\/p>\n\n\n\n<p>Le acompa\u00f1aron Colbert Garc\u00eda, Rudy L\u00f3pez, V\u00edctor Minaya, Jos\u00e9 \u00a0Garc\u00eda, Carlos Batista Matos, Luis Jos\u00e9 Ch\u00e1vez, Ricardo Nieves y el viceministro de Cultura, Fernando Antonio Cruz (Bonny Cepeda).<\/p>\n\n\n\n<p>Fuente: Direcci\u00f3n de Prensa<\/p>\n\n\n\n<p>Presidencia de la Rep\u00fablica Dominicana<\/p>\n","protected":false},"excerpt":{"rendered":"<p>diariodominicano.com Santo Domingo, R. D., 29 de julio, 2021.- El presidente Luis Abinader recibi\u00f3 este jueves a la actriz, productora y guionista Jane Chaplin, con quien convers\u00f3 sobre temas vinculados a la cultura dominicana, en especial sobre el g\u00e9nero bachata. El gobernante expres\u00f3 en el encuentro que su gobierno siempre apoyar\u00e1 el arte y la [&hellip;]<\/p>\n","protected":false},"author":5,"featured_media":289655,"comment_status":"closed","ping_status":"","sticky":true,"template":"","format":"standard","meta":{"footnotes":""},"categories":[25,27],"tags":[],"class_list":["post-289654","post","type-post","status-publish","format-standard","has-post-thumbnail","hentry","category-gente","category-portada"],"_links":{"self":[{"href":"https:\/\/diariodominicano.com\/index.php?rest_route=\/wp\/v2\/posts\/289654","targetHints":{"allow":["GET"]}}],"collection":[{"href":"https:\/\/diariodominicano.com\/index.php?rest_route=\/wp\/v2\/posts"}],"about":[{"href":"https:\/\/diariodominicano.com\/index.php?rest_route=\/wp\/v2\/types\/post"}],"author":[{"embeddable":true,"href":"https:\/\/diariodominicano.com\/index.php?rest_route=\/wp\/v2\/users\/5"}],"replies":[{"embeddable":true,"href":"https:\/\/diariodominicano.com\/index.php?rest_route=%2Fwp%2Fv2%2Fcomments&post=289654"}],"version-history":[{"count":1,"href":"https:\/\/diariodominicano.com\/index.php?rest_route=\/wp\/v2\/posts\/289654\/revisions"}],"predecessor-version":[{"id":289656,"href":"https:\/\/diariodominicano.com\/index.php?rest_route=\/wp\/v2\/posts\/289654\/revisions\/289656"}],"wp:featuredmedia":[{"embeddable":true,"href":"https:\/\/diariodominicano.com\/index.php?rest_route=\/wp\/v2\/media\/289655"}],"wp:attachment":[{"href":"https:\/\/diariodominicano.com\/index.php?rest_route=%2Fwp%2Fv2%2Fmedia&parent=289654"}],"wp:term":[{"taxonomy":"category","embeddable":true,"href":"https:\/\/diariodominicano.com\/index.php?rest_route=%2Fwp%2Fv2%2Fcategories&post=289654"},{"taxonomy":"post_tag","embeddable":true,"href":"https:\/\/diariodominicano.com\/index.php?rest_route=%2Fwp%2Fv2%2Ftags&post=289654"}],"curies":[{"name":"wp","href":"https:\/\/api.w.org\/{rel}","templated":true}]}}