{"id":289651,"date":"2021-07-29T18:13:00","date_gmt":"2021-07-29T22:13:00","guid":{"rendered":"http:\/\/diariodominicano.com\/?p=289651"},"modified":"2021-07-29T18:13:00","modified_gmt":"2021-07-29T22:13:00","slug":"consternacion-en-dominicana-por-muerte-de-johnny-ventura","status":"publish","type":"post","link":"https:\/\/diariodominicano.com\/?p=289651","title":{"rendered":"Consternaci\u00f3n en Dominicana por muerte de Johnny Ventura"},"content":{"rendered":"\n<p>diariodominicano.com<\/p>\n\n\n\n<p>Santo Domingo, 29 jul (Prensa Latina) La sociedad dominicana vive hoy bajo una profunda consternaci\u00f3n provocada por el fallecimiento del m\u00edtico artista Johnny Ventura en la ciudad de Santiago, provincia hom\u00f3nima, a los 81 a\u00f1os de edad.<br>La v\u00edspera, el presidente, Luis Abinader, decret\u00f3 duelo oficial en el pa\u00eds desde este jueves y hasta el pr\u00f3ximo 31 de julio por su fallecimiento y en un mensaje divulgado por las redes sociales, escribi\u00f3: &#8216;Tu muerte repentina no me dej\u00f3 rezarte un padrenuestro. Hoy, querido Jhonny, el pa\u00eds y yo lloramos tu muerte&#8217;.<\/p>\n\n\n\n<p>Asimismo, la C\u00e1mara de Diputados rindi\u00f3 este jueves durante su sesi\u00f3n de trabajo, un minuto de silencio por el deceso del llamado Caballo Mayor, hombre de eterna sonrisa, lo cual era muestra de la alegr\u00eda que rebosaban sus canciones y personalidad.<\/p>\n\n\n\n<p>Desde diversas partes del mundo llegan mensajes de condolencias, y dentro de ellos los de Cuba, lugar donde se le admiraba y reconoc\u00eda. La Casa del Caribe de Santiago de Cuba destac\u00f3 su prol\u00edfera vida y la hist\u00f3rica Orquesta Arag\u00f3n escribi\u00f3 en twitter: &#8216;Luz eterna para el Caballo Mayor, uno de los reyes de la m\u00fasica latinoamericana&#8217;.<\/p>\n\n\n\n<p>Los restos del merenguero se encuentran expuestos en la Funeraria Blandino de esta capital, y en ella la familia tendr\u00e1 un velatorio privado hasta ma\u00f1ana.<\/p>\n\n\n\n<p>El viernes a las 09:00, hora local, su cad\u00e1ver estar\u00e1 en la sede del partido Fuerza del Pueblo, posteriormente ser\u00e1 llevado a la C\u00e1mara de Diputados y por la tarde en la Alcald\u00eda del Distrito Nacional, del cual fue alcalde desde el a\u00f1o 1998 hasta el 2002.<\/p>\n\n\n\n<p>El velatorio popular ser\u00e1 en el Palacio de los Deportes desde las 08:00, hora local, del s\u00e1bado y en horas de la tarde, sus restos recorrer\u00e1n la ciudad hasta ser sepultados en el cementerio Cristo Redentor.<\/p>\n\n\n\n<p>Johnny Ventura, cantante, autor, locutor, pol\u00edtico, abogado y empresario, grab\u00f3 106 discos durante su 65 a\u00f1os de fruct\u00edfera y multipremiada carrera.<\/p>\n\n\n\n<p>Fue galardonado con 28 discos de oro, dos de platino, un Grammy Latino en 2004 y un Grammy a la Excelencia por su trayectoria.<\/p>\n\n\n\n<p>Y form\u00f3 parte de varias orquestas, entre estas la Big Band del maestro Papa Molina, donde acrecent\u00f3 sus conocimientos musicales, y para 1964 saldr\u00eda con su propio grupo, El Combo Show, con el cual dio un giro completo al merengue.<\/p>\n\n\n\n<p>msm\/ema<\/p>\n","protected":false},"excerpt":{"rendered":"<p>diariodominicano.com Santo Domingo, 29 jul (Prensa Latina) La sociedad dominicana vive hoy bajo una profunda consternaci\u00f3n provocada por el fallecimiento del m\u00edtico artista Johnny Ventura en la ciudad de Santiago, provincia hom\u00f3nima, a los 81 a\u00f1os de edad.La v\u00edspera, el presidente, Luis Abinader, decret\u00f3 duelo oficial en el pa\u00eds desde este jueves y hasta el [&hellip;]<\/p>\n","protected":false},"author":5,"featured_media":289652,"comment_status":"closed","ping_status":"","sticky":true,"template":"","format":"standard","meta":{"footnotes":""},"categories":[25,27],"tags":[],"class_list":["post-289651","post","type-post","status-publish","format-standard","has-post-thumbnail","hentry","category-gente","category-portada"],"_links":{"self":[{"href":"https:\/\/diariodominicano.com\/index.php?rest_route=\/wp\/v2\/posts\/289651","targetHints":{"allow":["GET"]}}],"collection":[{"href":"https:\/\/diariodominicano.com\/index.php?rest_route=\/wp\/v2\/posts"}],"about":[{"href":"https:\/\/diariodominicano.com\/index.php?rest_route=\/wp\/v2\/types\/post"}],"author":[{"embeddable":true,"href":"https:\/\/diariodominicano.com\/index.php?rest_route=\/wp\/v2\/users\/5"}],"replies":[{"embeddable":true,"href":"https:\/\/diariodominicano.com\/index.php?rest_route=%2Fwp%2Fv2%2Fcomments&post=289651"}],"version-history":[{"count":1,"href":"https:\/\/diariodominicano.com\/index.php?rest_route=\/wp\/v2\/posts\/289651\/revisions"}],"predecessor-version":[{"id":289653,"href":"https:\/\/diariodominicano.com\/index.php?rest_route=\/wp\/v2\/posts\/289651\/revisions\/289653"}],"wp:featuredmedia":[{"embeddable":true,"href":"https:\/\/diariodominicano.com\/index.php?rest_route=\/wp\/v2\/media\/289652"}],"wp:attachment":[{"href":"https:\/\/diariodominicano.com\/index.php?rest_route=%2Fwp%2Fv2%2Fmedia&parent=289651"}],"wp:term":[{"taxonomy":"category","embeddable":true,"href":"https:\/\/diariodominicano.com\/index.php?rest_route=%2Fwp%2Fv2%2Fcategories&post=289651"},{"taxonomy":"post_tag","embeddable":true,"href":"https:\/\/diariodominicano.com\/index.php?rest_route=%2Fwp%2Fv2%2Ftags&post=289651"}],"curies":[{"name":"wp","href":"https:\/\/api.w.org\/{rel}","templated":true}]}}