{"id":289644,"date":"2021-07-29T17:51:37","date_gmt":"2021-07-29T21:51:37","guid":{"rendered":"http:\/\/diariodominicano.com\/?p=289644"},"modified":"2021-07-29T17:51:37","modified_gmt":"2021-07-29T21:51:37","slug":"primer-ministro-de-haiti-retoma-modificacion-de-constitucion-permitiria-doble-nacionalidad","status":"publish","type":"post","link":"https:\/\/diariodominicano.com\/?p=289644","title":{"rendered":"Primer ministro de Hait\u00ed retoma modificaci\u00f3n de constituci\u00f3n permitir\u00eda doble nacionalidad"},"content":{"rendered":"\n<p>diariodominicano.com<\/p>\n\n\n\n<p>Puerto Pr\u00edncipe, 29 jul (Prensa Latina) El reci\u00e9n instaurado primer ministro de Hait\u00ed, Ariel Henry, se reuni\u00f3 hoy con representantes del Comit\u00e9 Consultivo Independiente encargado de redactar la nueva Constituci\u00f3n para informarse sobre el estado del proyecto.<\/p>\n\n\n\n<p><br>El controversial referendo constitucional impulsado por el asesinado presidente Jovenel Mo\u00efse desde mediados del pasado estar\u00e1 en el &#8216;men\u00fa de di\u00e1logo nacional&#8217;, seg\u00fan inform\u00f3 la oficina gubernamental.<\/p>\n\n\n\n<p>El plebiscito recibi\u00f3 muchas cr\u00edticas de opositores e integrantes de la sociedad civil, pues la figura no est\u00e1 contemplada en la actual carta magna que proh\u00edbe expresamente el cambio constitucional a trav\u00e9s de consulta popular.<\/p>\n\n\n\n<p>Durante el pasado mes de febrero muchas de estar organizaciones convocaron a protestas multitudinarias y acusaron a Mo\u00efse de querer instaurar una dictadura y modificar la carta magna a su antojo.<\/p>\n\n\n\n<p>La aprobaci\u00f3n de la nueva ley de leyes permitir\u00eda que el exgobernante presentarse a reelecci\u00f3n, aunque Mo\u00efse descart\u00f3 un segundo mandato.<\/p>\n\n\n\n<p>Tambi\u00e9n regresar\u00eda el sistema presidencial, permitir\u00eda a la di\u00e1spora presentare a cargos electivos y reducir\u00eda la Asamblea Nacional (parlamento).<\/p>\n\n\n\n<p>Henry no se pronunci\u00f3 sobre cu\u00e1les de estos cambios permanecer\u00e1n en el anteproyecto constitucional, aunque insisti\u00f3 recientemente que este proceso debe estar precedido de una revisi\u00f3n del Consejo Electoral Provisional.<\/p>\n\n\n\n<p>El neurocirujano tambi\u00e9n se comprometi\u00f3 en incluir este archivo en un acuerdo nacional con las fuerzas pol\u00edticas que actualmente cuestionan su legitimidad en el cargo.<\/p>\n\n\n\n<p>mem\/ane<\/p>\n","protected":false},"excerpt":{"rendered":"<p>diariodominicano.com Puerto Pr\u00edncipe, 29 jul (Prensa Latina) El reci\u00e9n instaurado primer ministro de Hait\u00ed, Ariel Henry, se reuni\u00f3 hoy con representantes del Comit\u00e9 Consultivo Independiente encargado de redactar la nueva Constituci\u00f3n para informarse sobre el estado del proyecto. El controversial referendo constitucional impulsado por el asesinado presidente Jovenel Mo\u00efse desde mediados del pasado estar\u00e1 en [&hellip;]<\/p>\n","protected":false},"author":5,"featured_media":266852,"comment_status":"closed","ping_status":"","sticky":true,"template":"","format":"standard","meta":{"footnotes":""},"categories":[23,27],"tags":[],"class_list":["post-289644","post","type-post","status-publish","format-standard","has-post-thumbnail","hentry","category-internacional","category-portada"],"_links":{"self":[{"href":"https:\/\/diariodominicano.com\/index.php?rest_route=\/wp\/v2\/posts\/289644","targetHints":{"allow":["GET"]}}],"collection":[{"href":"https:\/\/diariodominicano.com\/index.php?rest_route=\/wp\/v2\/posts"}],"about":[{"href":"https:\/\/diariodominicano.com\/index.php?rest_route=\/wp\/v2\/types\/post"}],"author":[{"embeddable":true,"href":"https:\/\/diariodominicano.com\/index.php?rest_route=\/wp\/v2\/users\/5"}],"replies":[{"embeddable":true,"href":"https:\/\/diariodominicano.com\/index.php?rest_route=%2Fwp%2Fv2%2Fcomments&post=289644"}],"version-history":[{"count":1,"href":"https:\/\/diariodominicano.com\/index.php?rest_route=\/wp\/v2\/posts\/289644\/revisions"}],"predecessor-version":[{"id":289645,"href":"https:\/\/diariodominicano.com\/index.php?rest_route=\/wp\/v2\/posts\/289644\/revisions\/289645"}],"wp:featuredmedia":[{"embeddable":true,"href":"https:\/\/diariodominicano.com\/index.php?rest_route=\/wp\/v2\/media\/266852"}],"wp:attachment":[{"href":"https:\/\/diariodominicano.com\/index.php?rest_route=%2Fwp%2Fv2%2Fmedia&parent=289644"}],"wp:term":[{"taxonomy":"category","embeddable":true,"href":"https:\/\/diariodominicano.com\/index.php?rest_route=%2Fwp%2Fv2%2Fcategories&post=289644"},{"taxonomy":"post_tag","embeddable":true,"href":"https:\/\/diariodominicano.com\/index.php?rest_route=%2Fwp%2Fv2%2Ftags&post=289644"}],"curies":[{"name":"wp","href":"https:\/\/api.w.org\/{rel}","templated":true}]}}