{"id":289609,"date":"2021-07-29T11:47:39","date_gmt":"2021-07-29T15:47:39","guid":{"rendered":"http:\/\/diariodominicano.com\/?p=289609"},"modified":"2021-07-29T11:47:39","modified_gmt":"2021-07-29T15:47:39","slug":"hospital-del-papa-anuncia-importante-avance-contra-los-tumores-cerebrales-en-ninos","status":"publish","type":"post","link":"https:\/\/diariodominicano.com\/?p=289609","title":{"rendered":"Hospital del Papa anuncia importante avance contra los tumores cerebrales en ni\u00f1os"},"content":{"rendered":"\n<p>diariodominicano.com<\/p>\n\n\n\n<p>POR\u00a0<a href=\"https:\/\/plus.google.com\/101628352426323764853?rel=author\">MIGUEL P\u00c9REZ PICHEL<\/a>\u00a0| ACI Prensa<\/p>\n\n\n\n<p>Vaticano, 29 de julio, 2021.-  El\u00a0<a href=\"https:\/\/www.ospedalebambinogesu.it\/\">Hospital Pedi\u00e1trico Bambino Ges\u00f9<\/a>\u00a0de Roma, conocido como el \u201chospital del Papa\u201d, hizo p\u00fablico este jueves 29 de julio un\u00a0<strong>importante avance en el desarrollo de tratamientos contra los tumores cerebrales en ni\u00f1os<\/strong>.<\/p>\n\n\n\n<p>Seg\u00fan un comunicado difundido por el Hospital, se ha descubierto \u201cel mecanismo que desencadena la forma m\u00e1s agresiva de esta enfermedad y han identificado dos f\u00e1rmacos potenciales capaces de bloquear el crecimiento del c\u00e1ncer y la met\u00e1stasis\u201d.<\/p>\n\n\n\n<p>La investigaci\u00f3n, realizada por investigadores del Bambino Ges\u00f9 junto con investigadores de la Universidad de Tor Vergata, la Universidad de la Sapienza y la Universidad de Trento, ha recibido financiaci\u00f3n de la Asociaci\u00f3n Italiana de Investigaci\u00f3n sobre el C\u00e1ncer. Los resultados se han publicado en la revista cient\u00edfica internacional \u201c<a href=\"https:\/\/link.springer.com\/article\/10.1007\/s00401-021-02347-7\">Acta Neuropathologica<\/a>\u201d.<\/p>\n\n\n\n<p>Seg\u00fan el comunicado del Hospital, los resultados de la investigaci\u00f3n ofrecen nuevas esperanzas de curaci\u00f3n del \u201cmeduloblastoma\u201d, el tumor cerebral maligno m\u00e1s com\u00fan en ni\u00f1os.<\/p>\n","protected":false},"excerpt":{"rendered":"<p>diariodominicano.com POR\u00a0MIGUEL P\u00c9REZ PICHEL\u00a0| ACI Prensa Vaticano, 29 de julio, 2021.- El\u00a0Hospital Pedi\u00e1trico Bambino Ges\u00f9\u00a0de Roma, conocido como el \u201chospital del Papa\u201d, hizo p\u00fablico este jueves 29 de julio un\u00a0importante avance en el desarrollo de tratamientos contra los tumores cerebrales en ni\u00f1os. Seg\u00fan un comunicado difundido por el Hospital, se ha descubierto \u201cel mecanismo que [&hellip;]<\/p>\n","protected":false},"author":5,"featured_media":289611,"comment_status":"closed","ping_status":"","sticky":true,"template":"","format":"standard","meta":{"footnotes":""},"categories":[23,27],"tags":[],"class_list":["post-289609","post","type-post","status-publish","format-standard","has-post-thumbnail","hentry","category-internacional","category-portada"],"_links":{"self":[{"href":"https:\/\/diariodominicano.com\/index.php?rest_route=\/wp\/v2\/posts\/289609","targetHints":{"allow":["GET"]}}],"collection":[{"href":"https:\/\/diariodominicano.com\/index.php?rest_route=\/wp\/v2\/posts"}],"about":[{"href":"https:\/\/diariodominicano.com\/index.php?rest_route=\/wp\/v2\/types\/post"}],"author":[{"embeddable":true,"href":"https:\/\/diariodominicano.com\/index.php?rest_route=\/wp\/v2\/users\/5"}],"replies":[{"embeddable":true,"href":"https:\/\/diariodominicano.com\/index.php?rest_route=%2Fwp%2Fv2%2Fcomments&post=289609"}],"version-history":[{"count":1,"href":"https:\/\/diariodominicano.com\/index.php?rest_route=\/wp\/v2\/posts\/289609\/revisions"}],"predecessor-version":[{"id":289612,"href":"https:\/\/diariodominicano.com\/index.php?rest_route=\/wp\/v2\/posts\/289609\/revisions\/289612"}],"wp:featuredmedia":[{"embeddable":true,"href":"https:\/\/diariodominicano.com\/index.php?rest_route=\/wp\/v2\/media\/289611"}],"wp:attachment":[{"href":"https:\/\/diariodominicano.com\/index.php?rest_route=%2Fwp%2Fv2%2Fmedia&parent=289609"}],"wp:term":[{"taxonomy":"category","embeddable":true,"href":"https:\/\/diariodominicano.com\/index.php?rest_route=%2Fwp%2Fv2%2Fcategories&post=289609"},{"taxonomy":"post_tag","embeddable":true,"href":"https:\/\/diariodominicano.com\/index.php?rest_route=%2Fwp%2Fv2%2Ftags&post=289609"}],"curies":[{"name":"wp","href":"https:\/\/api.w.org\/{rel}","templated":true}]}}