{"id":289574,"date":"2021-07-29T15:01:17","date_gmt":"2021-07-29T19:01:17","guid":{"rendered":"http:\/\/diariodominicano.com\/?p=289574"},"modified":"2021-07-29T15:01:17","modified_gmt":"2021-07-29T19:01:17","slug":"dr-tomas-vargas-martinez-un-hijo-ilustre-de-cristo-rey","status":"publish","type":"post","link":"https:\/\/diariodominicano.com\/?p=289574","title":{"rendered":"Dr. Tom\u00e1s Vargas Mart\u00ednez, un hijo ilustre de Cristo Rey"},"content":{"rendered":"\n<p>Lic. Maria E. Perez<\/p>\n\n\n\n<p>El Dr. Vargas Mart\u00ednez, fund\u00f3 el Instituto Contra la Ceguera por Glaucoma (Incocegla) en 1996 <\/p>\n\n\n\n<p><strong>Un verdadero Hombre ejemplar de nuestra Comunidad de Cristo Rey <\/strong><\/p>\n\n\n\n<p>El doctor Tom\u00e1s Vargas Mart\u00ednez, considera que hered\u00f3 \u201cun poco\u201d el emprendedurismo de su padre, ya que al igual que su progenitor, se mantiene innovando constantemente. A sus 17 a\u00f1os consigui\u00f3 su primer empleo como asistente personal del oftalm\u00f3logo-otorrino, doctor Francisco D\u00edaz Sosa, donde empez\u00f3 a involucrarse en el campo de la oftalmolog\u00eda y la otorrinolaringolog\u00eda.<\/p>\n\n\n\n<p>El doctor Vargas Mart\u00ednez es presidente fundador del Instituto Contra la ceguera por Glaucoma (Incocegla) junto a m\u00e9dicos oftalm\u00f3logos, doctores M\u00e1ximo Genao, Juan Terrero y Laura Dinzen, a trav\u00e9s del cual hacen labores sociales, realizan jornadas m\u00e9dicas, ofrecen charlas educativas dentro y fuera de la instituci\u00f3n sobre la prevenci\u00f3n y educaci\u00f3n contra la ceguera por glaucoma.<\/p>\n\n\n\n<figure class=\"wp-block-image size-large is-style-default\"><img loading=\"lazy\" decoding=\"async\" width=\"1024\" height=\"526\" src=\"https:\/\/diariodominicano.com\/wp-content\/uploads\/2021\/07\/Dr.-Vargas-Martinez-III-1-1024x526.jpg\" alt=\"\" class=\"wp-image-289641\" srcset=\"https:\/\/diariodominicano.com\/wp-content\/uploads\/2021\/07\/Dr.-Vargas-Martinez-III-1-1024x526.jpg 1024w, https:\/\/diariodominicano.com\/wp-content\/uploads\/2021\/07\/Dr.-Vargas-Martinez-III-1-300x154.jpg 300w, https:\/\/diariodominicano.com\/wp-content\/uploads\/2021\/07\/Dr.-Vargas-Martinez-III-1-768x395.jpg 768w, https:\/\/diariodominicano.com\/wp-content\/uploads\/2021\/07\/Dr.-Vargas-Martinez-III-1-1536x789.jpg 1536w, https:\/\/diariodominicano.com\/wp-content\/uploads\/2021\/07\/Dr.-Vargas-Martinez-III-1-2048x1052.jpg 2048w, https:\/\/diariodominicano.com\/wp-content\/uploads\/2021\/07\/Dr.-Vargas-Martinez-III-1-816x419.jpg 816w\" sizes=\"auto, (max-width: 1024px) 100vw, 1024px\" \/><\/figure>\n\n\n\n<p><strong>Recuerdos de ni\u00f1ez <\/strong><\/p>\n\n\n\n<p>Nac\u00ed en San Francisco de Macor\u00eds, en 1957, donde pas\u00e9 mi primera infancia, mis padres se mudaron a Santo Domingo en 1963, al barrio de San Carlos, ten\u00eda seis a\u00f1os. Estudi\u00e9 hasta el cuatro de la primaria en la Escuela Brasil, luego mi madre consigui\u00f3 una brecha en el Colegio Santo Ni\u00f1o de Atocha, que estaba frente al Parque de San Carlos, donde hice hasta el octavo curso. Realic\u00e9 los dos primeros a\u00f1os del bachillerato en el Liceo Manuel Rodr\u00edguez Obj\u00edo, hoy Salom\u00e9 Ure\u00f1a. Recuerdo, que era s\u00faper t\u00edmido, inclusive tartamudo, simplemente por mi timidez, ten\u00eda miedo de hablar en p\u00fablico, hasta en mi adolescencia era t\u00edmido para conseguir novias, no sab\u00eda c\u00f3mo introducirme, me temblaban las manos, me sudaban cuando ten\u00eda cerca a una chica que me gustaba.<\/p>\n\n\n\n<p><strong>Sus padres <br><\/strong>Mi padre, Ram\u00f3n Vargas Mart\u00ednez y mi madre Ramona Mart\u00ednez, ambos fallecidos, eran comerciantes, ten\u00edan negocios de colmado en San Francisco de Macor\u00eds, incursionaron tambi\u00e9n en comedores. A mi padre le dec\u00edan Bolo Vargas, era un hombre s\u00faper emprendedor, muy proactivo, haciendo las adaptaciones de lugar para poder sobrevivir, apenas una econom\u00eda de subsistencia b\u00e1sicamente. Ha sido el ejemplo a seguir, creo que hered\u00e9 un poco su emprendedurismo, siempre vivo inventando. En San Carlos, mi padre desarroll\u00f3 talleres de dulcer\u00eda artesanales, siempre estaba haciendo negocios nuevos, dependiendo de las crisis econ\u00f3micas del pa\u00eds, iba modificando, nunca estaba fijo en solo negocio, creo que por eso nunca fue exitoso econ\u00f3micamente, porque no fue coherente, no fue constante. Mi madre era todo lo contrario, era s\u00faper centrada, s\u00faper organizada, recuerdo que un d\u00eda le dijo a mi padre que no se iba a mover m\u00e1s de lugar, \u00e9l quer\u00eda volver a San Francisco hacer otro negocio. \u00c9ramos cuatro hermanos, tres varones y una hembra, el mayor, Aris Vargas, fallecido, trabajaba en televisi\u00f3n como camar\u00f3grafo; mi hermana Gladys, ama de casa y Frank, que sigui\u00f3 con el negocio de dulcer\u00eda artesanal\u201d.<\/p>\n\n\n\n<p><strong>Primer trabajo <br><\/strong>Consegu\u00ed mi primer empleo como asistente personal de un m\u00e9dico prestigioso, oftalm\u00f3logo-otorrino, el doctor Francisco D\u00edaz Sosa en la Cl\u00ednica San Rafael, ten\u00eda 17 a\u00f1os, cursaba el tercero de bachillerato. Ah\u00ed empec\u00e9 a involucrarme en el campo de la oftalmolog\u00eda y de la otorrinolaringolog\u00eda, el doctor D\u00edaz Sosa me motiv\u00f3 a estudiar medicina, quer\u00eda ser como \u00e9l, lo ve\u00eda como algo grandioso, como una meta a conseguir. Ingres\u00e9 a la Universidad Aut\u00f3noma de Santo Domingo (UASD) a estudiar la carrera de medicina, pero segu\u00eda trabajando con el doctor, en las horas libres me permit\u00eda ir a clases, luego volv\u00eda al consultorio, dur\u00e9 el tiempo de la carrera junto al doctor, asist\u00eda a las cirug\u00edas que hac\u00eda, me iba entusiasmando mucho m\u00e1s, desde el punto de vista quir\u00fargico para tambi\u00e9n ser cirujano\u201d.<\/p>\n\n\n\n<figure class=\"wp-block-image size-large is-style-default\"><img loading=\"lazy\" decoding=\"async\" width=\"1024\" height=\"526\" src=\"https:\/\/diariodominicano.com\/wp-content\/uploads\/2021\/07\/Dr.-Vargas-Martinez-1024x526.jpg\" alt=\"\" class=\"wp-image-289642\" srcset=\"https:\/\/diariodominicano.com\/wp-content\/uploads\/2021\/07\/Dr.-Vargas-Martinez-1024x526.jpg 1024w, https:\/\/diariodominicano.com\/wp-content\/uploads\/2021\/07\/Dr.-Vargas-Martinez-300x154.jpg 300w, https:\/\/diariodominicano.com\/wp-content\/uploads\/2021\/07\/Dr.-Vargas-Martinez-768x395.jpg 768w, https:\/\/diariodominicano.com\/wp-content\/uploads\/2021\/07\/Dr.-Vargas-Martinez-1536x789.jpg 1536w, https:\/\/diariodominicano.com\/wp-content\/uploads\/2021\/07\/Dr.-Vargas-Martinez-2048x1052.jpg 2048w, https:\/\/diariodominicano.com\/wp-content\/uploads\/2021\/07\/Dr.-Vargas-Martinez-816x419.jpg 816w\" sizes=\"auto, (max-width: 1024px) 100vw, 1024px\" \/><\/figure>\n\n\n\n<p><strong>Especialidad <br><\/strong>Estudi\u00e9 medicina con el plan de ayuda de la UASD para personas de escasos recursos, porque mis padres no me pod\u00edan pagar una universidad privada. Cuando termin\u00e9 la carrera en 1982, empec\u00e9 a buscar donde hacer una especialidad, en ese momento ten\u00eda oportunidades de ir a Argentina, al Mar de Plata o a Guatemala, dos becas que consegu\u00ed, a trav\u00e9s de la Panamericana de Oftalmolog\u00eda, pero mis padres no ten\u00edan dinero para pagar mi estad\u00eda all\u00e1, por eso tuve que optar por ir al Partido Comunista, donde ofrec\u00edan becas gratuitas en la antigua Uni\u00f3n Sovi\u00e9tica, tuve suerte y me aceptaron. Llegu\u00e9 a Mosc\u00fa en 1984, un mundo totalmente desconocido, sin hablar el idioma, pero gracias a Dios, conoc\u00ed estudiantes dominicanos que me encaminaron hacia donde ten\u00eda que ir para conseguir mis papeles. Estudi\u00e9 seis meses de inmersi\u00f3n total en ingl\u00e9s, luego ingres\u00e9 a uno de los centros de oftalmolog\u00eda m\u00e1s moderno de la Uni\u00f3n Sovi\u00e9tica, el Instituto de Terapias de Tejidos y Enfermedades Oculares, no en el mismo Mosc\u00fa, sino en la ciudad de Odesa, Ucrania. En ese centro, la interacci\u00f3n con profesores cient\u00edficos rusos fue bastante valiosa, donde se manejaban vol\u00famenes gigantes de pacientes. Fueron tres a\u00f1os y medio de la especialidad, como estudiante, el Estado Sovi\u00e9tico me facilitaba una mensualidad, que daba hasta para pagar una habitaci\u00f3n en un hotel del hospital. Adem\u00e1s, tuve la oportunidad de viajar en tren por toda Europa, una de mis experiencias m\u00e1s hermosas e inolvidables que he tenido.<\/p>\n\n\n\n<p><strong>Su hijo Rom\u00e1n <br><\/strong>En Mosc\u00fa tuve a mi hijo Rom\u00e1n Vargas con una mujer ucraniana, empleada del hospital, no me cas\u00e9 con ella por diferencias culturales m\u00e1s bien. Con Rom\u00e1n estuve m\u00e1s de dos a\u00f1os, luego regres\u00e9 al pa\u00eds, pero siempre manten\u00eda comunicaci\u00f3n con su madre. Cuando el ni\u00f1o ten\u00eda 10 a\u00f1os fui a visitarlo, le ped\u00ed a su madre la custodia, acept\u00f3, consideraba que conmigo tendr\u00eda m\u00e1s oportunidades de educaci\u00f3n. En 1990 me lo traje a Santo Domingo, para entonces ten\u00eda a mi esposa Victoria Villa y mis hijas Haronid y Arianna, ellas los aceptaron con mucho cari\u00f1o, \u00e9l tambi\u00e9n. Lo inscribimos en el Colegio Arroyo Hondo, el padre Marcial Silva nos dio la oportunidad, aunque en Ucrania Rom\u00e1n estaba en quinto curso, el padre lo puso en primero para alfabetizarlo. En ese colegio estuvo hasta el bachillerato\u201d.<\/p>\n\n\n\n<p><strong>Su esposa  <br><\/strong>Conoc\u00ed a mi esposa Victoria cuando estudi\u00e1bamos en Mosc\u00fa, es paname\u00f1a, nos hicimos novios all\u00e1, pero nos casamos en unas vacaciones que hicimos a Santo Domingo en 1987. Luego regres\u00e9 a la Uni\u00f3n Sovi\u00e9tica, ella a Panam\u00e1 a terminar los estudios. En 1988 pas\u00e9 por Panam\u00e1 a buscarla para venir a vivir a Santo Domingo, me encontr\u00e9 con que estaba trabajando como encargada de Proyectos Especiales en la Autoridad Portuaria paname\u00f1a, mi esposa me pidi\u00f3 que trat\u00e1ramos hacer vida en Panam\u00e1, que me quedara para darle apoyo, era la \u00e9poca de Noriega, una situaci\u00f3n muy dif\u00edcil econ\u00f3mica y pol\u00edticamente. Me qued\u00e9 un a\u00f1o tratando de establecerme, trabaj\u00e9 como visitadora a m\u00e9dico, pero no tuve la oportunidad de aplicar para el internado, no hab\u00eda empleos, mientras hay un paname\u00f1o desempleado un extranjero no tiene derecho, por eso tuve que venir a Santo Domingo\u201d.<\/p>\n\n\n\n<p><strong>Regreso a RD <br><\/strong>Regres\u00e9 al pa\u00eds en 1989, a partir inicio mi carrera de oftalmolog\u00eda, ingres\u00e9 en el consultorio de mi maestro, el doctor D\u00edaz Sosa, iba en las tardes, empec\u00e9 a dar clases en la Escuela de Oftalmolog\u00eda del Hospital de la Diabetes, tambi\u00e9n, a dar servicios sociales en la cl\u00ednica del doctor Cruz Jiminian, que para la \u00e9poca estaba en sus inicios. Ah\u00ed dur\u00e9 hasta 1996, que es cuando fundamos el Instituto Contra la Ceguera por Glaucoma (Incocegla)\u201d.<\/p>\n\n\n\n<p><strong>Incocegla <br><\/strong>Como era profesor de la escuela de oftalmolog\u00eda en el Hospital de la Diabetes, le ofrec\u00ed a los reci\u00e9n graduados de oftalmolog\u00eda el espacio para trabajar en mi consulta en la Cruz Jiminian, le solicite al doctor hacer un departamento de oftalmolog\u00eda con esos j\u00f3venes, pero la cl\u00ednica era muy peque\u00f1a, no hab\u00eda espacio, tuvimos que alquilar un local en la Nicol\u00e1s de Ovando con Ortega y Gasset, ah\u00ed iniciamos el Incocegla. Ese a\u00f1o, el doctor Leonel Fern\u00e1ndez le otorg\u00f3 la personer\u00eda jur\u00eddica de ONG, empezamos un grupo de cuatro oftalm\u00f3logos, los doctores M\u00e1ximo Genao, Juan Terrero, Laura Dinzen y yo, haciendo labores sociales, consultas a 50 pesos; hac\u00edamos actividades con los laboratorios para regalarles los medicamentos a pacientes de escasos recurso. En la actualidad, somos m\u00e1s de 80 m\u00e9dicos que, aunque tienen sus consultas en centros de salud, vienen aqu\u00ed a consultar por 300 pesos, a realizar operaciones gratis cuando se les requiere. Tambi\u00e9n, tenemos un centro en La Romana, donde hemos tenido una acogida bastante buena\u201d.<\/p>\n\n\n\n<p><strong>Club de Glaucoma <br><\/strong>Fundamos tambi\u00e9n el Club de Glaucoma, en la medida que \u00edbamos creciendo se fueron sumando m\u00e1s j\u00f3venes que sal\u00edan del instituto Nacional de Diabetes, Endocrinolog\u00eda y Nutrici\u00f3n (INDEN), y tambi\u00e9n de otras escuelas. Para 2009 no cab\u00edamos en el local, la gente ten\u00eda que esperar turno en la acera, entonces en 2003 nos asociamos con Mad\u00e9, un productor de televisi\u00f3n que conoc\u00ed en Televida, en un programa del padre Luis Redes, nos hicimos amigos, entonces lo invit\u00e9 a formar parte del equipo. El Club de Glaucoma es uno de los hitos m\u00e1s grandes que hemos tenido dentro de Incocegla, es la parte social de la instituci\u00f3n. A trav\u00e9s del club, educamos a las personas sobre las diversas enfermedades de los ojos, damos charlas sobre retinopat\u00eda diab\u00e9tica, hipertensi\u00f3n, glaucoma, todo en cuanto a prevenci\u00f3n de ceguera, no solo en la instituci\u00f3n, sino tambi\u00e9n a nivel empresarial, clubes sociales e iglesias. Tratamos de abaratar el costo de los medicamentos de nuestros pacientes, de las consultas, de los estudios y de los procesos m\u00ednimamente invasivos o cirug\u00edas grandes, lo \u00fanico que exigimos es pertenecer al club, asistir a las charlas, lo que nos interesa es que el paciente este educado, que sepa c\u00f3mo evitar la ceguera. Actualmente tenemos m\u00e1s de 6,500 pacientes que le dan seguimiento a su enfermedad de forma personalizada\u201d.<\/p>\n\n\n\n<p><strong>Testimonio<br><\/strong>Una de las cosas que m\u00e1s me ha impactado dentro de profesi\u00f3n fue en 2005-2006, una se\u00f1ora se me acerc\u00f3, me dijo que su madre, de 90 a\u00f1os, Herminia Ma\u00f1\u00f3n estaba ciega hac\u00eda 10 a\u00f1os, me dijo que su madre estaba fuerte, saludable, que ni su hermano ni los nietos quer\u00edan que la operara, le dije que me la llevara al consultorio, que simplemente quer\u00eda verla. Cuando me la llevaron, recuerdo que apegu\u00e9 la luz, de inmediato la do\u00f1a dijo que la hab\u00edan apagado, entonces cuando la encend\u00ed, ella dijo pero prendieron de nuevo la luz. Not\u00e9 que pod\u00edamos conseguir su visi\u00f3n, les ofrec\u00ed a los familiares operarla, que no les cobrar\u00eda los honorarios de cirujano, solo los materiales gastables, lo hice as\u00ed para comprometerlos en algo, entonces accedieron. Le hicimos la cirug\u00eda de los dos ojos, a partir de ah\u00ed la se\u00f1ora tuvo una visi\u00f3n perfecta. Eso nos llen\u00f3 de mucha satisfacci\u00f3n. Recuerdo tambi\u00e9n a un ni\u00f1o de seis a\u00f1os que naci\u00f3 con catarata cong\u00e9nita, me lo hab\u00eda tra\u00eddo un compa\u00f1ero de promoci\u00f3n para que lo ayudara, el peque\u00f1o ten\u00eda las pupilas blanquitas de una catarata cicatrizal, que no le permit\u00eda ver im\u00e1genes, solo movimientos delante. Lo operamos bajo anestesia general, cuando le quitamos la catarata, qued\u00f3 con una membrana gris en el centro de la pupila, al d\u00eda siguiente le dimos l\u00e1ser en ambos ojos, le quitamos la membrana, dio un cambio tremendo. Recuerdo que Mad\u00e9 le tiro un objeto al piso, el ni\u00f1o de inmediato lo busc\u00f3 con la mirada y lo recogi\u00f3\u201d.<\/p>\n\n\n\n<p><strong>Mayor satisfacci\u00f3n <\/strong><\/p>\n\n\n\n<p>Tengo muchas satisfacciones en mi vida, la primera es mi familia, es lo m\u00e1s valioso, es mi mayor logro, hemos conseguido una gran unidad. Mi esposa y yo tenemos juntos 35 a\u00f1os, eso es muy dif\u00edcil en estos tiempos, somos una familia bien orientada. Mi familia es mi mayor logro. La segundo es el haber formado el Incocegla, una instituci\u00f3n que le sirve mucho a la gente de escasos recursos econ\u00f3micos, y a trav\u00e9s de la cual hemos logrado resolver grandes problemas visuales a cientos de miles de personas. Tambi\u00e9n, el poder ayudar a profesionales j\u00f3venes a buscar un lugar donde trabajar, ya que no tienen los recursos para instalar un consultorio privado, que cuesta millones de pesos.<\/p>\n\n\n\n<p><strong>Asociados <br><\/strong>En Incocegla empezamos cuatro oftalm\u00f3logos, los doctores M\u00e1ximo Genao, Juan Terrero, Laura Dinzen y yo, haciendo labores sociales, ofrec\u00edamos consultas a 50 pesos\u201d.<\/p>\n\n\n\n<p><strong>Servicios <br><\/strong>Cuando regres\u00e9 a mi pa\u00eds, empec\u00e9 a dar servicios sociales en la cl\u00ednica del doctor Cruz Jiminian, y en la Cl\u00ednica San Rafael en mi consulta privada\u201d.<\/p>\n\n\n\n<p><strong>Superaci\u00f3n <br><\/strong>Estudi\u00e9 medicina con el plan de ayuda de la UASD para personas de escasos recursos, porque mis padres no me pod\u00edan pagar una universidad privada\u201d <\/p>\n\n\n\n<p>Fuente: <strong>Cristo Rey El Mejor Barrio<\/strong> <\/p>\n","protected":false},"excerpt":{"rendered":"<p>Lic. Maria E. Perez El Dr. Vargas Mart\u00ednez, fund\u00f3 el Instituto Contra la Ceguera por Glaucoma (Incocegla) en 1996 Un verdadero Hombre ejemplar de nuestra Comunidad de Cristo Rey El doctor Tom\u00e1s Vargas Mart\u00ednez, considera que hered\u00f3 \u201cun poco\u201d el emprendedurismo de su padre, ya que al igual que su progenitor, se mantiene innovando constantemente. [&hellip;]<\/p>\n","protected":false},"author":7,"featured_media":289640,"comment_status":"closed","ping_status":"","sticky":true,"template":"","format":"standard","meta":{"footnotes":""},"categories":[21,27],"tags":[],"class_list":["post-289574","post","type-post","status-publish","format-standard","has-post-thumbnail","hentry","category-cultura","category-portada"],"_links":{"self":[{"href":"https:\/\/diariodominicano.com\/index.php?rest_route=\/wp\/v2\/posts\/289574","targetHints":{"allow":["GET"]}}],"collection":[{"href":"https:\/\/diariodominicano.com\/index.php?rest_route=\/wp\/v2\/posts"}],"about":[{"href":"https:\/\/diariodominicano.com\/index.php?rest_route=\/wp\/v2\/types\/post"}],"author":[{"embeddable":true,"href":"https:\/\/diariodominicano.com\/index.php?rest_route=\/wp\/v2\/users\/7"}],"replies":[{"embeddable":true,"href":"https:\/\/diariodominicano.com\/index.php?rest_route=%2Fwp%2Fv2%2Fcomments&post=289574"}],"version-history":[{"count":1,"href":"https:\/\/diariodominicano.com\/index.php?rest_route=\/wp\/v2\/posts\/289574\/revisions"}],"predecessor-version":[{"id":289643,"href":"https:\/\/diariodominicano.com\/index.php?rest_route=\/wp\/v2\/posts\/289574\/revisions\/289643"}],"wp:featuredmedia":[{"embeddable":true,"href":"https:\/\/diariodominicano.com\/index.php?rest_route=\/wp\/v2\/media\/289640"}],"wp:attachment":[{"href":"https:\/\/diariodominicano.com\/index.php?rest_route=%2Fwp%2Fv2%2Fmedia&parent=289574"}],"wp:term":[{"taxonomy":"category","embeddable":true,"href":"https:\/\/diariodominicano.com\/index.php?rest_route=%2Fwp%2Fv2%2Fcategories&post=289574"},{"taxonomy":"post_tag","embeddable":true,"href":"https:\/\/diariodominicano.com\/index.php?rest_route=%2Fwp%2Fv2%2Ftags&post=289574"}],"curies":[{"name":"wp","href":"https:\/\/api.w.org\/{rel}","templated":true}]}}