{"id":289573,"date":"2021-07-29T13:58:01","date_gmt":"2021-07-29T17:58:01","guid":{"rendered":"http:\/\/diariodominicano.com\/?p=289573"},"modified":"2021-07-29T13:59:24","modified_gmt":"2021-07-29T17:59:24","slug":"fue-apresado-daury-manuel-suero-luciano-alias-pichon-de-20-anos-por-la-muerte-de-cristofer-luis-gomez-hernandez-a-luiyi-en-navarrete","status":"publish","type":"post","link":"https:\/\/diariodominicano.com\/?p=289573","title":{"rendered":"Fue apresado Daury Manuel Suero Luciano, alias Pich\u00f3n, de 20 a\u00f1os, por la muerte de Cristofer Luis G\u00f3mez Hern\u00e1ndez (A) Luiyi en Navarrete."},"content":{"rendered":"\n<p><strong>Santiago, RD.<\/strong>&nbsp;La Polic\u00eda Nacional apres\u00f3 a Daury Manuel Suero Luciano (a) Pichon, quien ultim\u00f3 Cristofer Luis G\u00f3mez Hern\u00e1ndez (a) Luiyi , de dos pu\u00f1aladas en el costado y brazo derecho el 26-07-2021, en medio de una discusi\u00f3n problemas personales.<\/p>\n\n\n\n<div class=\"wp-block-image is-style-default\"><figure class=\"alignright size-large\"><img loading=\"lazy\" decoding=\"async\" width=\"302\" height=\"167\" src=\"https:\/\/diariodominicano.com\/wp-content\/uploads\/2021\/07\/foto-polica.jpg\" alt=\"\" class=\"wp-image-289610\" srcset=\"https:\/\/diariodominicano.com\/wp-content\/uploads\/2021\/07\/foto-polica.jpg 302w, https:\/\/diariodominicano.com\/wp-content\/uploads\/2021\/07\/foto-polica-300x166.jpg 300w\" sizes=\"auto, (max-width: 302px) 100vw, 302px\" \/><\/figure><\/div>\n\n\n\n<p>Gomez Hernandez (a) Luiyi, de 23 a\u00f1os de edad, quien figuraba con un registro en los archivos policiales por robo, en el a\u00f1o 2019, fue ultimado por heridas de arma blanca que le propin\u00f3 Suero Luciano, el 26-07-2021, luego de una discusi\u00f3n frente al parque de Navarrete luego de chocar las motocicletas que conduc\u00edan, y tras cometer el homicidio emprendi\u00f3 la huida, siendo apresado el 28-07-2021.<\/p>\n\n\n\n<p>Luiyi lleg\u00f3 hasta donde se encontraba Pichon, hal\u00f3 un arma de fuego que portaba, se le cay\u00f3 al pavimento el cargador y el victimario aprovech\u00f3 en ese momento para herirlo mortalmente con un cuchillo, ocasion\u00e1ndole la muerte.<\/p>\n\n\n\n<p>Testigos del hecho testigos del hecho, se\u00f1alaron que entre ellos exist\u00edan viejas rencillas personales.<\/p>\n\n\n\n<p>El detenido ser\u00e1 enviado a la justicia para los fines legales correspondientes <\/p>\n","protected":false},"excerpt":{"rendered":"<p>Santiago, RD.&nbsp;La Polic\u00eda Nacional apres\u00f3 a Daury Manuel Suero Luciano (a) Pichon, quien ultim\u00f3 Cristofer Luis G\u00f3mez Hern\u00e1ndez (a) Luiyi , de dos pu\u00f1aladas en el costado y brazo derecho el 26-07-2021, en medio de una discusi\u00f3n problemas personales. Gomez Hernandez (a) Luiyi, de 23 a\u00f1os de edad, quien figuraba con un registro en los [&hellip;]<\/p>\n","protected":false},"author":7,"featured_media":269717,"comment_status":"closed","ping_status":"","sticky":false,"template":"","format":"standard","meta":{"footnotes":""},"categories":[24,27],"tags":[],"class_list":["post-289573","post","type-post","status-publish","format-standard","has-post-thumbnail","hentry","category-justicia-y-derecho","category-portada"],"_links":{"self":[{"href":"https:\/\/diariodominicano.com\/index.php?rest_route=\/wp\/v2\/posts\/289573","targetHints":{"allow":["GET"]}}],"collection":[{"href":"https:\/\/diariodominicano.com\/index.php?rest_route=\/wp\/v2\/posts"}],"about":[{"href":"https:\/\/diariodominicano.com\/index.php?rest_route=\/wp\/v2\/types\/post"}],"author":[{"embeddable":true,"href":"https:\/\/diariodominicano.com\/index.php?rest_route=\/wp\/v2\/users\/7"}],"replies":[{"embeddable":true,"href":"https:\/\/diariodominicano.com\/index.php?rest_route=%2Fwp%2Fv2%2Fcomments&post=289573"}],"version-history":[{"count":3,"href":"https:\/\/diariodominicano.com\/index.php?rest_route=\/wp\/v2\/posts\/289573\/revisions"}],"predecessor-version":[{"id":289621,"href":"https:\/\/diariodominicano.com\/index.php?rest_route=\/wp\/v2\/posts\/289573\/revisions\/289621"}],"wp:featuredmedia":[{"embeddable":true,"href":"https:\/\/diariodominicano.com\/index.php?rest_route=\/wp\/v2\/media\/269717"}],"wp:attachment":[{"href":"https:\/\/diariodominicano.com\/index.php?rest_route=%2Fwp%2Fv2%2Fmedia&parent=289573"}],"wp:term":[{"taxonomy":"category","embeddable":true,"href":"https:\/\/diariodominicano.com\/index.php?rest_route=%2Fwp%2Fv2%2Fcategories&post=289573"},{"taxonomy":"post_tag","embeddable":true,"href":"https:\/\/diariodominicano.com\/index.php?rest_route=%2Fwp%2Fv2%2Ftags&post=289573"}],"curies":[{"name":"wp","href":"https:\/\/api.w.org\/{rel}","templated":true}]}}