{"id":289569,"date":"2021-07-29T10:43:18","date_gmt":"2021-07-29T14:43:18","guid":{"rendered":"http:\/\/diariodominicano.com\/?p=289569"},"modified":"2021-07-29T10:43:18","modified_gmt":"2021-07-29T14:43:18","slug":"doctor-feliz-feliz-srsm-garantiza-atencion-oportuna-y-traslado-neonatal-seguro","status":"publish","type":"post","link":"https:\/\/diariodominicano.com\/?p=289569","title":{"rendered":"Doctor F\u00e9liz F\u00e9liz: \u201cSRSM garantiza atenci\u00f3n oportuna y traslado neonatal seguro\u201d"},"content":{"rendered":"\n<p>diariodominicano.com<\/p>\n\n\n\n<p>Santo Domingo, R. D., 29 de julio, 2021.-  El Servicio Regional de Salud Metropolitano (SRSM), a trav\u00e9s de su Coordinaci\u00f3n Materno Infantil y Adolescentes, realiz\u00f3 el taller Traslado Neonatal Seguro y Reanimaci\u00f3n Cardiopulmonar Neonatal, impartido al personal del Centro Regulador de Urgencias y Emergencias (CRUE) y al Sistema Nacional de Atenci\u00f3n a Emergencias y Seguridad 9-1-1, con la finalidad de garantizar la asistencia y manejo efectivo de los traslados pedi\u00e1tricos neonatales de la red p\u00fablica.<\/p>\n\n\n\n<p>En tal sentido, el director del SRSM, doctor Edisson F\u00e9liz F\u00e9liz, expres\u00f3 que es un compromiso de esta instituci\u00f3n dar respuesta oportuna a las necesidades de la poblaci\u00f3n para contribuir con la reducci\u00f3n de la mortalidad materna-infantil, indicador que ha sido priorizado en las pol\u00edticas del Servicio Nacional de Salud.<\/p>\n\n\n\n<div class=\"wp-block-image\"><figure class=\"alignleft size-large is-resized\"><img loading=\"lazy\" decoding=\"async\" src=\"https:\/\/diariodominicano.com\/wp-content\/uploads\/2021\/07\/Neonatal29-7-21-1024x768.jpg\" alt=\"\" class=\"wp-image-289575\" width=\"392\" height=\"294\" srcset=\"https:\/\/diariodominicano.com\/wp-content\/uploads\/2021\/07\/Neonatal29-7-21-1024x768.jpg 1024w, https:\/\/diariodominicano.com\/wp-content\/uploads\/2021\/07\/Neonatal29-7-21-300x225.jpg 300w, https:\/\/diariodominicano.com\/wp-content\/uploads\/2021\/07\/Neonatal29-7-21-768x576.jpg 768w, https:\/\/diariodominicano.com\/wp-content\/uploads\/2021\/07\/Neonatal29-7-21-1536x1152.jpg 1536w, https:\/\/diariodominicano.com\/wp-content\/uploads\/2021\/07\/Neonatal29-7-21-816x612.jpg 816w, https:\/\/diariodominicano.com\/wp-content\/uploads\/2021\/07\/Neonatal29-7-21.jpg 1600w\" sizes=\"auto, (max-width: 392px) 100vw, 392px\" \/><figcaption>Los participantes recibieron entrenamiento sobre cuidados neonatal<\/figcaption><\/figure><\/div>\n\n\n\n<p>El doctor F\u00e9liz F\u00e9liz sostuvo que el trabajo en equipo es la clave para lograr la sinergia necesaria para que el servicio sea r\u00e1pido, eficiente y sobre todo con calidad y humanizaci\u00f3n.<\/p>\n\n\n\n<p>Asimismo, la doctora Lourdes Hilario, coordinadora de Materno Infantil y Adolescentes del SRSM, resalt\u00f3 que los participantes recibieron capacitaci\u00f3n sobre la atenci\u00f3n de la poblaci\u00f3n infantil y las particularidades fisiol\u00f3gicas de los reci\u00e9n nacidos, as\u00ed como la diferencia en el manejo del traslado de los infantes y los adultos.<\/p>\n\n\n\n<p>El taller, realizado en el sal\u00f3n de conferencias de la Cooperativa Nacional de Servicios M\u00faltiples de los M\u00e9dicos (MEDICOOP), durante 4 d\u00edas, fue impartido por las doctoras Johanna G\u00f3mez y Cherizaida Ure\u00f1a, coordinadora infantil y gestora Infantil del SRSM, respectivamente.\u00a0 <\/p>\n\n\n\n<p>  Fuente: \u00a0<strong>Ada Guzm\u00e1n<\/strong><br><strong>Gerente Comunicaci\u00f3n Estrat\u00e9gica<\/strong><\/p>\n","protected":false},"excerpt":{"rendered":"<p>El director del SRSM, doctor Edisson F\u00e9liz F\u00e9liz<\/p>\n","protected":false},"author":5,"featured_media":289570,"comment_status":"closed","ping_status":"","sticky":true,"template":"","format":"standard","meta":{"footnotes":""},"categories":[20,27],"tags":[],"class_list":["post-289569","post","type-post","status-publish","format-standard","has-post-thumbnail","hentry","category-dominicana-hoy","category-portada"],"_links":{"self":[{"href":"https:\/\/diariodominicano.com\/index.php?rest_route=\/wp\/v2\/posts\/289569","targetHints":{"allow":["GET"]}}],"collection":[{"href":"https:\/\/diariodominicano.com\/index.php?rest_route=\/wp\/v2\/posts"}],"about":[{"href":"https:\/\/diariodominicano.com\/index.php?rest_route=\/wp\/v2\/types\/post"}],"author":[{"embeddable":true,"href":"https:\/\/diariodominicano.com\/index.php?rest_route=\/wp\/v2\/users\/5"}],"replies":[{"embeddable":true,"href":"https:\/\/diariodominicano.com\/index.php?rest_route=%2Fwp%2Fv2%2Fcomments&post=289569"}],"version-history":[{"count":1,"href":"https:\/\/diariodominicano.com\/index.php?rest_route=\/wp\/v2\/posts\/289569\/revisions"}],"predecessor-version":[{"id":289578,"href":"https:\/\/diariodominicano.com\/index.php?rest_route=\/wp\/v2\/posts\/289569\/revisions\/289578"}],"wp:featuredmedia":[{"embeddable":true,"href":"https:\/\/diariodominicano.com\/index.php?rest_route=\/wp\/v2\/media\/289570"}],"wp:attachment":[{"href":"https:\/\/diariodominicano.com\/index.php?rest_route=%2Fwp%2Fv2%2Fmedia&parent=289569"}],"wp:term":[{"taxonomy":"category","embeddable":true,"href":"https:\/\/diariodominicano.com\/index.php?rest_route=%2Fwp%2Fv2%2Fcategories&post=289569"},{"taxonomy":"post_tag","embeddable":true,"href":"https:\/\/diariodominicano.com\/index.php?rest_route=%2Fwp%2Fv2%2Ftags&post=289569"}],"curies":[{"name":"wp","href":"https:\/\/api.w.org\/{rel}","templated":true}]}}