{"id":289556,"date":"2021-07-29T09:27:59","date_gmt":"2021-07-29T13:27:59","guid":{"rendered":"http:\/\/diariodominicano.com\/?p=289556"},"modified":"2021-07-29T09:27:59","modified_gmt":"2021-07-29T13:27:59","slug":"gobierno-toma-medidas-para-proteger-produccion-nacional-de-cerdos-ante-pequeno-brote-de-fiebre-porcina-africana","status":"publish","type":"post","link":"https:\/\/diariodominicano.com\/?p=289556","title":{"rendered":"Gobierno toma medidas para proteger producci\u00f3n nacional de cerdos ante peque\u00f1o brote de fiebre porcina africana"},"content":{"rendered":"\n<p>diariodominicano.com<\/p>\n\n\n\n<p><em>Los ciudadanos pueden continuar consumiendo carne de cerdo en todo el territorio nacional, porque la enfermedad no es transmisible de animal a humanos&nbsp;<\/em><\/p>\n\n\n\n<p>Santo Domingo, R. D., 29 de julio, 2021.- El Ministerio de Agricultura inform\u00f3\u00a0que los resultados de las 389 muestras pertenecientes a cerdos criados en granjas y en traspatio enviadas al laboratorio del Centro de Enfermedad Animal Plum Island, de los Estados Unidos, indican la presencia de la Fiebre Porcina Africana en una reducida poblaci\u00f3n de cerdos de crianza de traspatio de las provincias S\u00e1nchez Ram\u00edrez y Montecristi.\u00a0<\/p>\n\n\n\n<p>La cartera agropecuaria, a trav\u00e9s de la Direcci\u00f3n de Sanidad Animal, ha dispuesto las siguientes medidas de car\u00e1cter preventivo:&nbsp;<\/p>\n\n\n\n<p>1. Prohibici\u00f3n de la movilizaci\u00f3n de cerdos vivos y matados desde y hacia las provincias S\u00e1nchez Ram\u00edrez y Montecristi.&nbsp;<\/p>\n\n\n\n<p>2. Poner en cuarentena a ambas provincias.&nbsp;<\/p>\n\n\n\n<p>3. La limpieza y desinfecci\u00f3n de los lugares afectados con brigadas del Ministerio de Agricultura.&nbsp;<\/p>\n\n\n\n<p>4. Levantamientos epidemiol\u00f3gicos peri\u00f3dicos en las provincias afectadas.&nbsp;<\/p>\n\n\n\n<p>5. Control militar total en todos los puntos estrat\u00e9gicos de ambas provincias.&nbsp;<\/p>\n\n\n\n<p>6. Campa\u00f1a promocional para informar la prohibici\u00f3n de la movilizaci\u00f3n de cerdos vivos y matados.&nbsp;<\/p>\n\n\n\n<p>En la provincia S\u00e1nchez Ram\u00edrez existe una poblaci\u00f3n de 15,000 porcinos, mientras que la de Montecristi es de unos 4,600, la cual es una proporci\u00f3n muy peque\u00f1a comparada con la toalidad que se estima en cerca de un mill\u00f3n ochocientos mil cerdos.&nbsp;<\/p>\n\n\n\n<p>Las autoridades del sector agropecuario aseguran que esta enfermedad no es transmisible a los humanos; por consiguiente, indican que se puede continuar consumiendo sin riesgo la carne de cerdo en todo el territorio nacional.&nbsp;<\/p>\n\n\n\n<p>En los \u00faltimos a\u00f1os han surgido brotes de Fiebre Porcina Africana en m\u00e1s de sesenta pa\u00edses de casi todos los continentes.&nbsp;&nbsp;<\/p>\n\n\n\n<p>En este sentido, el ministro de agricultura Limber Cruz informa que ha dispuesto la activaci\u00f3n del Comit\u00e9 Nacional de Emergencia de Enfermedades Ex\u00f3ticas de Animales Dom\u00e9sticos con el fin de asegurar que todas las instituciones del sector agropecuario operen de manera coordinada para garantizar la producci\u00f3n nacional de cerdos.&nbsp;&nbsp;<\/p>\n\n\n\n<p>Por su parte el Gobierno asegura los recursos necesarios para compensar y apoyar a las familias dedicadas a la crianza de traspatio y en granjas.\u00a0<\/p>\n\n\n\n<p> Fuente:  Prensa Agricultura<\/p>\n","protected":false},"excerpt":{"rendered":"<p>diariodominicano.com Los ciudadanos pueden continuar consumiendo carne de cerdo en todo el territorio nacional, porque la enfermedad no es transmisible de animal a humanos&nbsp; Santo Domingo, R. D., 29 de julio, 2021.- El Ministerio de Agricultura inform\u00f3\u00a0que los resultados de las 389 muestras pertenecientes a cerdos criados en granjas y en traspatio enviadas al laboratorio [&hellip;]<\/p>\n","protected":false},"author":5,"featured_media":289557,"comment_status":"closed","ping_status":"","sticky":true,"template":"","format":"standard","meta":{"footnotes":""},"categories":[20,27],"tags":[],"class_list":["post-289556","post","type-post","status-publish","format-standard","has-post-thumbnail","hentry","category-dominicana-hoy","category-portada"],"_links":{"self":[{"href":"https:\/\/diariodominicano.com\/index.php?rest_route=\/wp\/v2\/posts\/289556","targetHints":{"allow":["GET"]}}],"collection":[{"href":"https:\/\/diariodominicano.com\/index.php?rest_route=\/wp\/v2\/posts"}],"about":[{"href":"https:\/\/diariodominicano.com\/index.php?rest_route=\/wp\/v2\/types\/post"}],"author":[{"embeddable":true,"href":"https:\/\/diariodominicano.com\/index.php?rest_route=\/wp\/v2\/users\/5"}],"replies":[{"embeddable":true,"href":"https:\/\/diariodominicano.com\/index.php?rest_route=%2Fwp%2Fv2%2Fcomments&post=289556"}],"version-history":[{"count":1,"href":"https:\/\/diariodominicano.com\/index.php?rest_route=\/wp\/v2\/posts\/289556\/revisions"}],"predecessor-version":[{"id":289558,"href":"https:\/\/diariodominicano.com\/index.php?rest_route=\/wp\/v2\/posts\/289556\/revisions\/289558"}],"wp:featuredmedia":[{"embeddable":true,"href":"https:\/\/diariodominicano.com\/index.php?rest_route=\/wp\/v2\/media\/289557"}],"wp:attachment":[{"href":"https:\/\/diariodominicano.com\/index.php?rest_route=%2Fwp%2Fv2%2Fmedia&parent=289556"}],"wp:term":[{"taxonomy":"category","embeddable":true,"href":"https:\/\/diariodominicano.com\/index.php?rest_route=%2Fwp%2Fv2%2Fcategories&post=289556"},{"taxonomy":"post_tag","embeddable":true,"href":"https:\/\/diariodominicano.com\/index.php?rest_route=%2Fwp%2Fv2%2Ftags&post=289556"}],"curies":[{"name":"wp","href":"https:\/\/api.w.org\/{rel}","templated":true}]}}