{"id":289553,"date":"2021-07-29T09:18:20","date_gmt":"2021-07-29T13:18:20","guid":{"rendered":"http:\/\/diariodominicano.com\/?p=289553"},"modified":"2021-07-29T09:18:20","modified_gmt":"2021-07-29T13:18:20","slug":"presidente-dominicano-luis-abinader-decreta-duelo-oficial-por-muerte-de-johnny-ventura","status":"publish","type":"post","link":"https:\/\/diariodominicano.com\/?p=289553","title":{"rendered":"Presidente dominicano Luis Abinader Decreta duelo oficial por muerte de Johnny Ventura"},"content":{"rendered":"\n<p>diariodominicano.com<\/p>\n\n\n\n<p>Santo Domingo, 29 jul (Prensa Latina) El presidente de la Rep\u00fablica Dominicana, Luis Abinader, decret\u00f3 hoy duelo oficial los d\u00edas 29, 30 y 31 de julio por la muerte del popular artista Juan De Dios Ventura Soriano, conocido como Johnny Ventura.<br>El decreto 466-21, instruye al Ministerio de Defensa a rendir los honores militares al gran merenguero fallecido este mi\u00e9rcoles a los 81 a\u00f1os, y establece que la bandera nacional debe ondear a media asta en los recintos castrenses y edificios p\u00fablicos de todo el pa\u00eds.<\/p>\n\n\n\n<p>La norma jur\u00eddica precis\u00f3 que el Caballo Mayor, como le llamaba su pueblo, fue un extraordinario m\u00fasico el cual se destac\u00f3 como vocalista, compositor y l\u00edder de orquesta y su trayectoria fue expandida durante m\u00e1s de seis d\u00e9cadas, logrando revolucionar para siempre el g\u00e9nero del merengue y trasformar su percepci\u00f3n cultural en la sociedad dominicana.<\/p>\n\n\n\n<p>Asimismo, destac\u00f3 que Ventura catapult\u00f3 el g\u00e9nero del merengue a diversas partes del mundo con su ingente repertorio e incursion\u00f3 exitosamente en distintos \u00e1mbitos de la vida nacional, como la pol\u00edtica, al ser electo diputado de la Rep\u00fablica en 1990, y s\u00edndico del Distrito Nacional en 1998.<\/p>\n\n\n\n<p>Por su trayectoria, le fue otorgada la Orden Her\u00e1ldica de Crist\u00f3bal Col\u00f3n en el grado de Caballero en 1991, as\u00ed como la Orden de Duarte, S\u00e1nchez y Mella en el grado de Caballero en 1997.<\/p>\n\n\n\n<p>msm\/ema<\/p>\n","protected":false},"excerpt":{"rendered":"<p>diariodominicano.com Santo Domingo, 29 jul (Prensa Latina) El presidente de la Rep\u00fablica Dominicana, Luis Abinader, decret\u00f3 hoy duelo oficial los d\u00edas 29, 30 y 31 de julio por la muerte del popular artista Juan De Dios Ventura Soriano, conocido como Johnny Ventura.El decreto 466-21, instruye al Ministerio de Defensa a rendir los honores militares al [&hellip;]<\/p>\n","protected":false},"author":5,"featured_media":289554,"comment_status":"closed","ping_status":"","sticky":true,"template":"","format":"standard","meta":{"footnotes":""},"categories":[25,27],"tags":[],"class_list":["post-289553","post","type-post","status-publish","format-standard","has-post-thumbnail","hentry","category-gente","category-portada"],"_links":{"self":[{"href":"https:\/\/diariodominicano.com\/index.php?rest_route=\/wp\/v2\/posts\/289553","targetHints":{"allow":["GET"]}}],"collection":[{"href":"https:\/\/diariodominicano.com\/index.php?rest_route=\/wp\/v2\/posts"}],"about":[{"href":"https:\/\/diariodominicano.com\/index.php?rest_route=\/wp\/v2\/types\/post"}],"author":[{"embeddable":true,"href":"https:\/\/diariodominicano.com\/index.php?rest_route=\/wp\/v2\/users\/5"}],"replies":[{"embeddable":true,"href":"https:\/\/diariodominicano.com\/index.php?rest_route=%2Fwp%2Fv2%2Fcomments&post=289553"}],"version-history":[{"count":1,"href":"https:\/\/diariodominicano.com\/index.php?rest_route=\/wp\/v2\/posts\/289553\/revisions"}],"predecessor-version":[{"id":289555,"href":"https:\/\/diariodominicano.com\/index.php?rest_route=\/wp\/v2\/posts\/289553\/revisions\/289555"}],"wp:featuredmedia":[{"embeddable":true,"href":"https:\/\/diariodominicano.com\/index.php?rest_route=\/wp\/v2\/media\/289554"}],"wp:attachment":[{"href":"https:\/\/diariodominicano.com\/index.php?rest_route=%2Fwp%2Fv2%2Fmedia&parent=289553"}],"wp:term":[{"taxonomy":"category","embeddable":true,"href":"https:\/\/diariodominicano.com\/index.php?rest_route=%2Fwp%2Fv2%2Fcategories&post=289553"},{"taxonomy":"post_tag","embeddable":true,"href":"https:\/\/diariodominicano.com\/index.php?rest_route=%2Fwp%2Fv2%2Ftags&post=289553"}],"curies":[{"name":"wp","href":"https:\/\/api.w.org\/{rel}","templated":true}]}}