{"id":289533,"date":"2021-07-28T22:41:28","date_gmt":"2021-07-29T02:41:28","guid":{"rendered":"http:\/\/diariodominicano.com\/?p=289533"},"modified":"2021-07-28T22:41:28","modified_gmt":"2021-07-29T02:41:28","slug":"primer-ministro-de-haiti-promete-elecciones-y-consenso-nacional","status":"publish","type":"post","link":"https:\/\/diariodominicano.com\/?p=289533","title":{"rendered":"Primer ministro de Hait\u00ed promete elecciones y consenso nacional"},"content":{"rendered":"\n<p>diariodominicano.com<\/p>\n\n\n\n<p>Puerto Pr\u00edncipe, 28 jul (Prensa Latina) El primer ministro de Hait\u00ed, Ariel Henry, se comprometi\u00f3 hoy con un proceso electoral transparente y masivo, adem\u00e1s del establecimiento de un consenso para alcanzar la estabilidad.<br>El neurocirujano asegur\u00f3 que la misi\u00f3n del nuevo Gobierno es preparar las condiciones para celebrar elecciones honestas, con gran participaci\u00f3n de la poblaci\u00f3n &#8216;lo m\u00e1s pronto posible&#8217;.<\/p>\n\n\n\n<p>Henry jur\u00f3 en el cargo el pasado 20 de julio, dos semanas despu\u00e9s del asesinato del presidente Jovenel Mo\u00efse, sin embargo desde antes las fuerzas pol\u00edticas se desmarcaron de su gabinete y criticaron la falta de un acuerdo nacional.<\/p>\n\n\n\n<p>&#8216;Buscamos un consenso para llegar a un acuerdo entre las fuerzas pol\u00edticas y de la sociedad civil&#8217;, dijo el gobernante en su primera conferencia de prensa, en la cual admiti\u00f3 la necesidad de restablecer la seguridad que permita la libre circulaci\u00f3n en el pa\u00eds.<\/p>\n\n\n\n<p>El primer ministro adelant\u00f3 que ya sostuvo encuentros con representantes del sector econ\u00f3mico y proseguir\u00e1 el di\u00e1logo con los actores pol\u00edticos. &#8216;Las discusiones son dif\u00edciles pero constructivas&#8217;, subray\u00f3.<\/p>\n\n\n\n<p>Tambi\u00e9n manifest\u00f3 su intenci\u00f3n de entablar un espacio de discusi\u00f3n permanente y estructurado con la poblaci\u00f3n, e instaurar un nuevo modelo de gobierno transparente.<\/p>\n\n\n\n<p>Restaurar la autoridad del Estado, la confianza en la administraci\u00f3n y la justicia, as\u00ed como alcanzar la estabilidad social, son otros desaf\u00edos del Ejecutivo, reconoci\u00f3 el galeno de 71 a\u00f1os.<\/p>\n\n\n\n<p>Henry no anunci\u00f3 una posible fecha de sufragios generales que antes del asesinato del presidente Jovenel Mo\u00efse estaban programados para finales de septiembre, junto al referendo constitucional.<\/p>\n\n\n\n<p>Sin embargo, se\u00f1al\u00f3 que los comicios no pueden divorciarse del consenso nacional, y el respeto al otro.<\/p>\n\n\n\n<p>En cuanto a las investigaciones del magnicidio prometi\u00f3 continuar adelante el proceso pues forma parte del restablecimiento de la seguridad. &#8216;Todos los autores del asesinato deben rendir cuentas a la justicia&#8217;, asever\u00f3.<\/p>\n\n\n\n<p>oda\/ane<\/p>\n","protected":false},"excerpt":{"rendered":"<p>diariodominicano.com Puerto Pr\u00edncipe, 28 jul (Prensa Latina) El primer ministro de Hait\u00ed, Ariel Henry, se comprometi\u00f3 hoy con un proceso electoral transparente y masivo, adem\u00e1s del establecimiento de un consenso para alcanzar la estabilidad.El neurocirujano asegur\u00f3 que la misi\u00f3n del nuevo Gobierno es preparar las condiciones para celebrar elecciones honestas, con gran participaci\u00f3n de la [&hellip;]<\/p>\n","protected":false},"author":5,"featured_media":289534,"comment_status":"closed","ping_status":"","sticky":true,"template":"","format":"standard","meta":{"footnotes":""},"categories":[23,27],"tags":[],"class_list":["post-289533","post","type-post","status-publish","format-standard","has-post-thumbnail","hentry","category-internacional","category-portada"],"_links":{"self":[{"href":"https:\/\/diariodominicano.com\/index.php?rest_route=\/wp\/v2\/posts\/289533","targetHints":{"allow":["GET"]}}],"collection":[{"href":"https:\/\/diariodominicano.com\/index.php?rest_route=\/wp\/v2\/posts"}],"about":[{"href":"https:\/\/diariodominicano.com\/index.php?rest_route=\/wp\/v2\/types\/post"}],"author":[{"embeddable":true,"href":"https:\/\/diariodominicano.com\/index.php?rest_route=\/wp\/v2\/users\/5"}],"replies":[{"embeddable":true,"href":"https:\/\/diariodominicano.com\/index.php?rest_route=%2Fwp%2Fv2%2Fcomments&post=289533"}],"version-history":[{"count":1,"href":"https:\/\/diariodominicano.com\/index.php?rest_route=\/wp\/v2\/posts\/289533\/revisions"}],"predecessor-version":[{"id":289535,"href":"https:\/\/diariodominicano.com\/index.php?rest_route=\/wp\/v2\/posts\/289533\/revisions\/289535"}],"wp:featuredmedia":[{"embeddable":true,"href":"https:\/\/diariodominicano.com\/index.php?rest_route=\/wp\/v2\/media\/289534"}],"wp:attachment":[{"href":"https:\/\/diariodominicano.com\/index.php?rest_route=%2Fwp%2Fv2%2Fmedia&parent=289533"}],"wp:term":[{"taxonomy":"category","embeddable":true,"href":"https:\/\/diariodominicano.com\/index.php?rest_route=%2Fwp%2Fv2%2Fcategories&post=289533"},{"taxonomy":"post_tag","embeddable":true,"href":"https:\/\/diariodominicano.com\/index.php?rest_route=%2Fwp%2Fv2%2Ftags&post=289533"}],"curies":[{"name":"wp","href":"https:\/\/api.w.org\/{rel}","templated":true}]}}