{"id":289527,"date":"2021-07-28T22:33:01","date_gmt":"2021-07-29T02:33:01","guid":{"rendered":"http:\/\/diariodominicano.com\/?p=289527"},"modified":"2021-07-28T22:33:01","modified_gmt":"2021-07-29T02:33:01","slug":"argentina-alista-vacunacion-de-adolescentes-de-12-a-17-anos-contra-covid-19","status":"publish","type":"post","link":"https:\/\/diariodominicano.com\/?p=289527","title":{"rendered":"Argentina alista vacunaci\u00f3n de adolescentes de 12 a 17 a\u00f1os contra COVID-19"},"content":{"rendered":"\n<p>diariodominicano.com<a rel=\"noreferrer noopener\" href=\"http:\/\/home.xinhua-news.com\/gdsdetailxhs\/share\/9738910-?pageflag=iframe\" target=\"_blank\"><\/a><\/p>\n\n\n\n<pre id=\"text-news-description\" class=\"wp-block-preformatted\">   BUENOS AIRES, 28 jul (Xinhua) -- Argentina ha comenzado los preparativos para vacunar contra la enfermedad del nuevo coronavirus (COVID-19) a adolescentes de 12 a 17 a\u00f1os con condiciones de riesgo, inform\u00f3 hoy mi\u00e9rcoles el Ministerio de Salud.\n   \"Estamos presentando el inicio de la vacunaci\u00f3n de adolescentes en relaci\u00f3n a lo que son grupos priorizados despu\u00e9s de haber trabajado en un documento con la Sociedad Argentina de Pediatr\u00eda, con el comit\u00e9 de expertos, con la Comisi\u00f3n Nacional de Inmunizaciones, y con el aval de los 24 ministros (de Salud de las provincias) de todo el pa\u00eds\", indic\u00f3 la ministra de Salud, Carla Vizzotti.\n   La ministra inform\u00f3 que este mi\u00e9rcoles se comenz\u00f3 con la distribuci\u00f3n a todas las provincias de m\u00e1s de 900.000 dosis de la vacuna Moderna para comenzar con la vacunaci\u00f3n de este grupo priorizado a partir del lunes pr\u00f3ximo.\n   Las condiciones de priorizaci\u00f3n definidas para que los adolescentes de 12 a 17 a\u00f1os reciban la vacuna contra la COVID-19 son diabetes, obesidad grado 2, enfermedad cardiovascular cr\u00f3nica, enfermedad renal cr\u00f3nica, enfermedad respiratoria cr\u00f3nica, enfermedad hep\u00e1tica, personas que viven con VIH, pacientes oncol\u00f3gicos y personas con S\u00edndrome de Down, entre otras condiciones.\n   El pa\u00eds sudamericano registr\u00f3 su primer caso de COVID-19 en marzo de 2020 y confirm\u00f3 hasta este martes 4.891.810 contagios y 104.822 decesos, mientras lleva aplicadas m\u00e1s de 30,98 millones de vacunas contra la enfermedad desde diciembre, cuando inici\u00f3 la campa\u00f1a de inoculaci\u00f3n.\n   Argentina se encuentra bajo medidas de distanciamiento social preventivo y obligatorio hasta el 6 de agosto pr\u00f3ximo, seg\u00fan lo dispuesto por el Gobierno. <\/pre>\n","protected":false},"excerpt":{"rendered":"<p>diariodominicano.com BUENOS AIRES, 28 jul (Xinhua) &#8212; Argentina ha comenzado los preparativos para vacunar contra la enfermedad del nuevo coronavirus (COVID-19) a adolescentes de 12 a 17 a\u00f1os con condiciones de riesgo, inform\u00f3 hoy mi\u00e9rcoles el Ministerio de Salud. \u00abEstamos presentando el inicio de la vacunaci\u00f3n de adolescentes en relaci\u00f3n a lo que son grupos [&hellip;]<\/p>\n","protected":false},"author":5,"featured_media":289528,"comment_status":"closed","ping_status":"","sticky":true,"template":"","format":"standard","meta":{"footnotes":""},"categories":[23,27],"tags":[],"class_list":["post-289527","post","type-post","status-publish","format-standard","has-post-thumbnail","hentry","category-internacional","category-portada"],"_links":{"self":[{"href":"https:\/\/diariodominicano.com\/index.php?rest_route=\/wp\/v2\/posts\/289527","targetHints":{"allow":["GET"]}}],"collection":[{"href":"https:\/\/diariodominicano.com\/index.php?rest_route=\/wp\/v2\/posts"}],"about":[{"href":"https:\/\/diariodominicano.com\/index.php?rest_route=\/wp\/v2\/types\/post"}],"author":[{"embeddable":true,"href":"https:\/\/diariodominicano.com\/index.php?rest_route=\/wp\/v2\/users\/5"}],"replies":[{"embeddable":true,"href":"https:\/\/diariodominicano.com\/index.php?rest_route=%2Fwp%2Fv2%2Fcomments&post=289527"}],"version-history":[{"count":1,"href":"https:\/\/diariodominicano.com\/index.php?rest_route=\/wp\/v2\/posts\/289527\/revisions"}],"predecessor-version":[{"id":289529,"href":"https:\/\/diariodominicano.com\/index.php?rest_route=\/wp\/v2\/posts\/289527\/revisions\/289529"}],"wp:featuredmedia":[{"embeddable":true,"href":"https:\/\/diariodominicano.com\/index.php?rest_route=\/wp\/v2\/media\/289528"}],"wp:attachment":[{"href":"https:\/\/diariodominicano.com\/index.php?rest_route=%2Fwp%2Fv2%2Fmedia&parent=289527"}],"wp:term":[{"taxonomy":"category","embeddable":true,"href":"https:\/\/diariodominicano.com\/index.php?rest_route=%2Fwp%2Fv2%2Fcategories&post=289527"},{"taxonomy":"post_tag","embeddable":true,"href":"https:\/\/diariodominicano.com\/index.php?rest_route=%2Fwp%2Fv2%2Ftags&post=289527"}],"curies":[{"name":"wp","href":"https:\/\/api.w.org\/{rel}","templated":true}]}}