{"id":289524,"date":"2021-07-28T22:27:05","date_gmt":"2021-07-29T02:27:05","guid":{"rendered":"http:\/\/diariodominicano.com\/?p=289524"},"modified":"2021-07-28T22:27:05","modified_gmt":"2021-07-29T02:27:05","slug":"presidente-abinader-anuncia-la-creacion-de-programas-a-favor-de-los-dominicanos-en-el-exterior","status":"publish","type":"post","link":"https:\/\/diariodominicano.com\/?p=289524","title":{"rendered":"Presidente Abinader anuncia la creaci\u00f3n de programas a favor de los dominicanos en el exterior"},"content":{"rendered":"\n<p>diariodominicano.com<\/p>\n\n\n\n<p>Santo Domingo,  18 de julio, 2021.-  El presidente Luis Abinader anunci\u00f3 el desarrollo de programas, proyectos y acciones concretas para la promoci\u00f3n y la defensa de los derechos de las dominicanas y dominicanos en el exterior, mejorar su calidad de vida y fortalecer sus v\u00ednculos con el pa\u00eds.<\/p>\n\n\n\n<p>Estas declaraciones se ofrecieron en el relanzamiento del Instituto de Dominicanos y Dominicanas en el Exterior (INDEX), en el centro de Convenciones del Ministerio de Relaciones Exteriores.<\/p>\n\n\n\n<p>A trav\u00e9s de este instituto se generar\u00e1n programas educativos mediante acuerdos con la Organizaci\u00f3n Internacional de las Migraciones y el INFOTEP, as\u00ed como programas de becas junto al MESCYT.<\/p>\n\n\n\n<p>Tambi\u00e9n se impulsar\u00e1n las oportunidades laborales a trav\u00e9s de plataformas tecnol\u00f3gicas, la promoci\u00f3n de inversiones en el pa\u00eds de los dominicanos residentes el exterior, el apoyo a proyectos para mipymes, la promoci\u00f3n cultural, la creaci\u00f3n art\u00edstica y los proyectos de investigaci\u00f3n sociales focalizados en migraciones y di\u00e1sporas.<\/p>\n\n\n\n<p>Para el jefe de Estado, el INDEX marca un antes y un despu\u00e9s en la pol\u00edtica exterior dominicana frente a nuestros ciudadanos y ciudadanas alrededor del mundo, de quienes dijo que nunca m\u00e1s volver\u00e1n a sentirse solos.<\/p>\n\n\n\n<p>\u201cUstedes son nuestros verdaderos embajadores y embajadoras en el mundo. Son uno de los pilares fundamentales con que se sostiene nuestra naci\u00f3n\u201d, continu\u00f3 el mandatario.<\/p>\n\n\n\n<p>Tambi\u00e9n se llevar\u00e1 a cabo el Primer Congreso para los dominicanos en el exterior y se crear\u00e1n los Premios INDEX, para reconocer los logros y metas de los dominicanos en el exterior.<\/p>\n\n\n\n<p>De su lado, el canciller Roberto \u00c1lvarez, explic\u00f3 que en esta nueva etapa del INDEX los programas y proyectos a desarrollar trabajar\u00e1n de manera estrat\u00e9gica la educaci\u00f3n, el desarrollo socioecon\u00f3mico, el fomento de la cultura y la identidad, as\u00ed como revalorizaci\u00f3n y caracterizaci\u00f3n de la di\u00e1spora, con el objetivo de impulsar su progreso y bienestar.<\/p>\n\n\n\n<p>El ministro a\u00f1adi\u00f3 que, seg\u00fan datos oficiales, se estima que m\u00e1s de dos millones de dominicanas y dominicanos viven en el exterior, la mayor\u00eda en Estados Unidos y Espa\u00f1a. Es por eso que, a la fecha, el Instituto cuenta con presencia en Nueva York, Washington, New Jersey, Pennsylvania, Massachusetts, Miami, Puerto Rico, Madrid, Italia, Venezuela y Panam\u00e1.<\/p>\n\n\n\n<p>Por otro lado, el viceministro para las Comunidades Dominicanas en el Exterior y director ejecutivo del INDEX, Carlos de la Mota, present\u00f3 la plataforma web del Instituto (www.index.gob.do).<\/p>\n\n\n\n<p>La misma contendr\u00e1, entre otras facilidades, el registro de dominicanos en el exterior, el mapeo de las asociaciones de la di\u00e1spora, un espacio E-Learning para formaci\u00f3n gratuita en l\u00ednea, datos relevantes para el acceso a becas, servicios e informaciones de inter\u00e9s, entre otros accesos para nuestra comunidad en el exterior.<\/p>\n\n\n\n<p>La actividad cont\u00f3 con la presencia de los ministros, de la Mujer, Mayra Feliz; de Cultura Carmen Heredia; de Educaci\u00f3n Superior Ciencia y Tecnolog\u00eda, Franklin Ferm\u00edn, entre otros.<\/p>\n\n\n\n<p>Fuente:  Direcci\u00f3n de Prensa<\/p>\n\n\n\n<p>Presidencia de la Rep\u00fablica Dominicana<\/p>\n","protected":false},"excerpt":{"rendered":"<p>diariodominicano.com Santo Domingo, 18 de julio, 2021.- El presidente Luis Abinader anunci\u00f3 el desarrollo de programas, proyectos y acciones concretas para la promoci\u00f3n y la defensa de los derechos de las dominicanas y dominicanos en el exterior, mejorar su calidad de vida y fortalecer sus v\u00ednculos con el pa\u00eds. Estas declaraciones se ofrecieron en el [&hellip;]<\/p>\n","protected":false},"author":5,"featured_media":289525,"comment_status":"closed","ping_status":"","sticky":true,"template":"","format":"standard","meta":{"footnotes":""},"categories":[20,27],"tags":[],"class_list":["post-289524","post","type-post","status-publish","format-standard","has-post-thumbnail","hentry","category-dominicana-hoy","category-portada"],"_links":{"self":[{"href":"https:\/\/diariodominicano.com\/index.php?rest_route=\/wp\/v2\/posts\/289524","targetHints":{"allow":["GET"]}}],"collection":[{"href":"https:\/\/diariodominicano.com\/index.php?rest_route=\/wp\/v2\/posts"}],"about":[{"href":"https:\/\/diariodominicano.com\/index.php?rest_route=\/wp\/v2\/types\/post"}],"author":[{"embeddable":true,"href":"https:\/\/diariodominicano.com\/index.php?rest_route=\/wp\/v2\/users\/5"}],"replies":[{"embeddable":true,"href":"https:\/\/diariodominicano.com\/index.php?rest_route=%2Fwp%2Fv2%2Fcomments&post=289524"}],"version-history":[{"count":1,"href":"https:\/\/diariodominicano.com\/index.php?rest_route=\/wp\/v2\/posts\/289524\/revisions"}],"predecessor-version":[{"id":289526,"href":"https:\/\/diariodominicano.com\/index.php?rest_route=\/wp\/v2\/posts\/289524\/revisions\/289526"}],"wp:featuredmedia":[{"embeddable":true,"href":"https:\/\/diariodominicano.com\/index.php?rest_route=\/wp\/v2\/media\/289525"}],"wp:attachment":[{"href":"https:\/\/diariodominicano.com\/index.php?rest_route=%2Fwp%2Fv2%2Fmedia&parent=289524"}],"wp:term":[{"taxonomy":"category","embeddable":true,"href":"https:\/\/diariodominicano.com\/index.php?rest_route=%2Fwp%2Fv2%2Fcategories&post=289524"},{"taxonomy":"post_tag","embeddable":true,"href":"https:\/\/diariodominicano.com\/index.php?rest_route=%2Fwp%2Fv2%2Ftags&post=289524"}],"curies":[{"name":"wp","href":"https:\/\/api.w.org\/{rel}","templated":true}]}}