{"id":289521,"date":"2021-07-28T22:22:47","date_gmt":"2021-07-29T02:22:47","guid":{"rendered":"http:\/\/diariodominicano.com\/?p=289521"},"modified":"2021-07-28T22:22:47","modified_gmt":"2021-07-29T02:22:47","slug":"fallece-musico-dominicano-johnny-ventura","status":"publish","type":"post","link":"https:\/\/diariodominicano.com\/?p=289521","title":{"rendered":"Fallece m\u00fasico dominicano Johnny Ventura"},"content":{"rendered":"\n<p>diariodominicano.com<\/p>\n\n\n\n<p>Santo Domingo, 28 jul (Prensa Latina) El destacado m\u00fasico dominicano Juan de Dios Ventura Soriano, mejor conocido como Johnny Ventura, falleci\u00f3 hoy de un infarto a los 81 a\u00f1os de edad en una cl\u00ednica en la provincia Santiago.<\/p>\n\n\n\n<p><br>El Caballo Mayor, gloria de la m\u00fasica de este pa\u00eds, fue un merenguero que innov\u00f3 con su pegajoso ritmo acompa\u00f1ado de su grupo El Combo Show y logr\u00f3 a trav\u00e9s de su exitosa trayectoria, popularizar canciones como el Tabaco es fuerte pero hay que fumarlo, Cuidado con el Cuabero, \u00bfT\u00fa Sabes a Que Yo Vine? y Te Digo.<\/p>\n\n\n\n<p>Su discograf\u00eda est\u00e1 compuesta por 105 producciones, siendo el artista dominicano m\u00e1s prol\u00edfico en ese sentido, y sus grabaciones fueron premiadas con 28 discos de oro, dos de platino, adem\u00e1s un Grammy Latino en el 2004 y un Grammy a la Excelencia por su trayectoria en 2006.<\/p>\n\n\n\n<p>Le fue otorgado el Premio Internacional Miguel Matamoros en 2015 por la Uni\u00f3n de Escritores y Artistas de Cuba, y El Soberano, el m\u00e1s alto galard\u00f3n que otorga la Asociaci\u00f3n de Cronista de Arte en su pa\u00eds natal.<\/p>\n\n\n\n<p>El merenguero tambi\u00e9n incursion\u00f3 en el mundo de la pol\u00edtica con el Partido Revolucionario Dominicana, luego con el de la Liberaci\u00f3n Dominicana y posteriormente sigui\u00f3 al expresidente Leonel Fern\u00e1ndez en la Fuerza del Pueblo.<\/p>\n\n\n\n<p>Fue diputado y tambi\u00e9n alcalde de Santo Domingo en el per\u00edodo 1998-2002, impulsadas ambas candidaturas por el PRD.<\/p>\n\n\n\n<p>oda\/ema<\/p>\n","protected":false},"excerpt":{"rendered":"<p>diariodominicano.com Santo Domingo, 28 jul (Prensa Latina) El destacado m\u00fasico dominicano Juan de Dios Ventura Soriano, mejor conocido como Johnny Ventura, falleci\u00f3 hoy de un infarto a los 81 a\u00f1os de edad en una cl\u00ednica en la provincia Santiago. El Caballo Mayor, gloria de la m\u00fasica de este pa\u00eds, fue un merenguero que innov\u00f3 con [&hellip;]<\/p>\n","protected":false},"author":5,"featured_media":289522,"comment_status":"closed","ping_status":"","sticky":true,"template":"","format":"standard","meta":{"footnotes":""},"categories":[25,27],"tags":[],"class_list":["post-289521","post","type-post","status-publish","format-standard","has-post-thumbnail","hentry","category-gente","category-portada"],"_links":{"self":[{"href":"https:\/\/diariodominicano.com\/index.php?rest_route=\/wp\/v2\/posts\/289521","targetHints":{"allow":["GET"]}}],"collection":[{"href":"https:\/\/diariodominicano.com\/index.php?rest_route=\/wp\/v2\/posts"}],"about":[{"href":"https:\/\/diariodominicano.com\/index.php?rest_route=\/wp\/v2\/types\/post"}],"author":[{"embeddable":true,"href":"https:\/\/diariodominicano.com\/index.php?rest_route=\/wp\/v2\/users\/5"}],"replies":[{"embeddable":true,"href":"https:\/\/diariodominicano.com\/index.php?rest_route=%2Fwp%2Fv2%2Fcomments&post=289521"}],"version-history":[{"count":1,"href":"https:\/\/diariodominicano.com\/index.php?rest_route=\/wp\/v2\/posts\/289521\/revisions"}],"predecessor-version":[{"id":289523,"href":"https:\/\/diariodominicano.com\/index.php?rest_route=\/wp\/v2\/posts\/289521\/revisions\/289523"}],"wp:featuredmedia":[{"embeddable":true,"href":"https:\/\/diariodominicano.com\/index.php?rest_route=\/wp\/v2\/media\/289522"}],"wp:attachment":[{"href":"https:\/\/diariodominicano.com\/index.php?rest_route=%2Fwp%2Fv2%2Fmedia&parent=289521"}],"wp:term":[{"taxonomy":"category","embeddable":true,"href":"https:\/\/diariodominicano.com\/index.php?rest_route=%2Fwp%2Fv2%2Fcategories&post=289521"},{"taxonomy":"post_tag","embeddable":true,"href":"https:\/\/diariodominicano.com\/index.php?rest_route=%2Fwp%2Fv2%2Ftags&post=289521"}],"curies":[{"name":"wp","href":"https:\/\/api.w.org\/{rel}","templated":true}]}}