{"id":289511,"date":"2021-07-28T21:57:28","date_gmt":"2021-07-29T01:57:28","guid":{"rendered":"http:\/\/diariodominicano.com\/?p=289511"},"modified":"2021-07-28T22:08:34","modified_gmt":"2021-07-29T02:08:34","slug":"doctor-castulo-valdez-aspira-a-dirigir-el-colegio-dominicanos-de-odontologos-cdo","status":"publish","type":"post","link":"https:\/\/diariodominicano.com\/?p=289511","title":{"rendered":"Doctor C\u00e1stulo Valdez aspira a dirigir el Colegio Dominicanos de Odont\u00f3logos (CDO)"},"content":{"rendered":"\n<p>diariodominicano.com<\/p>\n\n\n\n<p><strong>Santo Domingo, R. D.,  28 de julio, 2021.-   <\/strong>El reconocido odont\u00f3logo C\u00e1stulo Valdez, dio a conocer sus aspiraciones de dirigir el Colegio Dominicano de Odont\u00f3logos (CDO), a trav\u00e9s de la Plancha Renovaci\u00f3n y Cambio con la que participar\u00e1 en las pr\u00f3ximas elecciones que celebrar\u00e1 ese gremio el pr\u00f3ximo mes de agosto.<\/p>\n\n\n\n<p>Acompa\u00f1ado de un equipo de excelentes profesionales del \u00e1rea de la odontolog\u00eda comprometidos con el bienestar y desarrollo de la entidad y sus miembros, el doctor Valdez, ha establecido un programa de gesti\u00f3n que se enmarca en la necesidad de apoyar y proteger a los odont\u00f3logos a trav\u00e9s de planes y conquistas que eleven la calidad de vida de estos profesionales.<\/p>\n\n\n\n<p>Las reivindicaciones salariales, lograr pensiones dignas para la clase odontol\u00f3gica, el programa de viviendas, la estabilidad laboral en el sector p\u00fablico, planes de becas de estudios para los odont\u00f3logos y sus hijos, son algunas de las iniciativas que pretende impulsar el tambi\u00e9n destacado profesional de la implantolog\u00eda, de resultar ganador en los venideros comicios.<\/p>\n\n\n\n<p>\u201cNuestro \u00fanico inter\u00e9s al aspirar a dirigir el Colegio Dominicano de Odont\u00f3logos, es lograr la transformaci\u00f3n del gremio y su inclusi\u00f3n en las tomas de decisiones por parte de las autoridades del sector salud, como es el caso de la revisi\u00f3n del Reglamento de Habilitaci\u00f3n 1138-03 espec\u00edficamente en su art\u00edculo No.9\u201d, declar\u00f3.<\/p>\n\n\n\n<p>El doctor Valdez resalt\u00f3 como una novedad de la plancha que encabeza, es la puesta en marcha del programa \u201cMi Primer Consultorio\u201d, con el que se busca apoyar a los nuevos profesionales para que puedan instalar sus centros de consultas y trabajo.<\/p>\n\n\n\n<p>El equipo que acompa\u00f1a al doctor C\u00e1stulo Valdez en sus aspiraciones a dirigir el CDO, est\u00e1 compuesto por Rita Guerrero, Vicepresidenta; David Berg, Secretario General; Jorge Gim\u00f3n, Tesorero; Wilson Olivo, Secretario de Actas; Robert Garc\u00eda, Secretario de Asuntos Cient\u00edficos y Acad\u00e9micos; Yohana De La Cruz, Secretaria de Relaciones P\u00fablicas; F\u00e1tima Bueno, Secretaria de Asuntos Internacionales y Cooperaci\u00f3n; y Saulo Rosario, Secretario de Asuntos Sociales.<\/p>\n\n\n\n<p>Adem\u00e1s, tendr\u00e1 un tribunal disciplinario conformado por los doctores, Fabio Michell, Fiscal; Mary Disla, secretaria; Ana Ivetty Brito Ram\u00edrez, Juez; Francisco Garrido Corpor\u00e1n, Juez; Norberto Puello, Juez y V\u00edctor de Jes\u00fas, Juez.&nbsp;<\/p>\n\n\n\n<p>El aspirante a la presidencia del Colegio de Odont\u00f3logos, C\u00e1stulo Valdez, hizo un llamado a todos los profesionales de esa \u00e1rea en todo el pa\u00eds a integrarse y ser parte de los cambios que demandan los nuevos tiempos para hacer de ese gremio una instituci\u00f3n que vele por el bienestar y el desarrollo profesional de sus colegiados. \u00a0  <\/p>\n\n\n\n<figure class=\"wp-block-table\"><table><tbody><tr><td>   Fuente: <strong>Carmen Curiel<\/strong><\/td><\/tr><\/tbody><\/table><\/figure>\n\n\n\n<p><\/p>\n","protected":false},"excerpt":{"rendered":"<p>diariodominicano.com Santo Domingo, R. D., 28 de julio, 2021.- El reconocido odont\u00f3logo C\u00e1stulo Valdez, dio a conocer sus aspiraciones de dirigir el Colegio Dominicano de Odont\u00f3logos (CDO), a trav\u00e9s de la Plancha Renovaci\u00f3n y Cambio con la que participar\u00e1 en las pr\u00f3ximas elecciones que celebrar\u00e1 ese gremio el pr\u00f3ximo mes de agosto. Acompa\u00f1ado de un [&hellip;]<\/p>\n","protected":false},"author":5,"featured_media":289512,"comment_status":"closed","ping_status":"","sticky":true,"template":"","format":"standard","meta":{"footnotes":""},"categories":[20,27],"tags":[],"class_list":["post-289511","post","type-post","status-publish","format-standard","has-post-thumbnail","hentry","category-dominicana-hoy","category-portada"],"_links":{"self":[{"href":"https:\/\/diariodominicano.com\/index.php?rest_route=\/wp\/v2\/posts\/289511","targetHints":{"allow":["GET"]}}],"collection":[{"href":"https:\/\/diariodominicano.com\/index.php?rest_route=\/wp\/v2\/posts"}],"about":[{"href":"https:\/\/diariodominicano.com\/index.php?rest_route=\/wp\/v2\/types\/post"}],"author":[{"embeddable":true,"href":"https:\/\/diariodominicano.com\/index.php?rest_route=\/wp\/v2\/users\/5"}],"replies":[{"embeddable":true,"href":"https:\/\/diariodominicano.com\/index.php?rest_route=%2Fwp%2Fv2%2Fcomments&post=289511"}],"version-history":[{"count":3,"href":"https:\/\/diariodominicano.com\/index.php?rest_route=\/wp\/v2\/posts\/289511\/revisions"}],"predecessor-version":[{"id":289517,"href":"https:\/\/diariodominicano.com\/index.php?rest_route=\/wp\/v2\/posts\/289511\/revisions\/289517"}],"wp:featuredmedia":[{"embeddable":true,"href":"https:\/\/diariodominicano.com\/index.php?rest_route=\/wp\/v2\/media\/289512"}],"wp:attachment":[{"href":"https:\/\/diariodominicano.com\/index.php?rest_route=%2Fwp%2Fv2%2Fmedia&parent=289511"}],"wp:term":[{"taxonomy":"category","embeddable":true,"href":"https:\/\/diariodominicano.com\/index.php?rest_route=%2Fwp%2Fv2%2Fcategories&post=289511"},{"taxonomy":"post_tag","embeddable":true,"href":"https:\/\/diariodominicano.com\/index.php?rest_route=%2Fwp%2Fv2%2Ftags&post=289511"}],"curies":[{"name":"wp","href":"https:\/\/api.w.org\/{rel}","templated":true}]}}