{"id":289505,"date":"2021-07-28T21:52:10","date_gmt":"2021-07-29T01:52:10","guid":{"rendered":"http:\/\/diariodominicano.com\/?p=289505"},"modified":"2021-07-28T21:52:10","modified_gmt":"2021-07-29T01:52:10","slug":"nuevas-aceras-y-rampas-de-accesibilidad-para-el-ensanche-naco","status":"publish","type":"post","link":"https:\/\/diariodominicano.com\/?p=289505","title":{"rendered":"Nuevas aceras y rampas de accesibilidad para el Ensanche Naco"},"content":{"rendered":"\n<p>diariodominicano.com<\/p>\n\n\n\n<p><strong>Alcald\u00eda del Distrito inicia proyecto con inversi\u00f3n de RD$13.5 MM<\/strong><\/p>\n\n\n\n<p>Santo Domingo, R. D., 28 de julio, 2021.- La Alcaldesa del Distrito Nacional, Carolina Mej\u00eda, dio el primer picazo que marca el inicio del proyecto de construcci\u00f3n y reconstrucci\u00f3n de aceras, contenes y rampas de accesibilidad en el Ensanche Naco.<\/p>\n\n\n\n<p>En un acto protocolar llevado a cabo en la intersecci\u00f3n de las calles Rafael Augusto S\u00e1nchez esquina Avenida Tiradentes, la titular de la instituci\u00f3n, en conjunto con directivos, regidores y l\u00edderes comunitarios anunciaron este proyecto que cuenta con una inversi\u00f3n de 13.5 millones de pesos.<\/p>\n\n\n\n<p>Las calles que desde hoy estar\u00e1n siendo intervenidas son: Fantino Falco, Heriberto Pieter, Rafael Augusto S\u00e1nchez, General F. F\u00e9lix Miranda, Dr. Fabio Mota, Andr\u00e9s Avelino Garc\u00eda, Avenida Gustavo Mej\u00eda Ricart, entre otras.<\/p>\n\n\n\n<div class=\"wp-block-image\"><figure class=\"alignright size-large is-resized\"><img loading=\"lazy\" decoding=\"async\" src=\"https:\/\/diariodominicano.com\/wp-content\/uploads\/2021\/07\/Carolina-trabajosaceras2021-07-28-1024x682.jpeg\" alt=\"\" class=\"wp-image-289508\" width=\"365\" height=\"242\" srcset=\"https:\/\/diariodominicano.com\/wp-content\/uploads\/2021\/07\/Carolina-trabajosaceras2021-07-28-1024x682.jpeg 1024w, https:\/\/diariodominicano.com\/wp-content\/uploads\/2021\/07\/Carolina-trabajosaceras2021-07-28-300x200.jpeg 300w, https:\/\/diariodominicano.com\/wp-content\/uploads\/2021\/07\/Carolina-trabajosaceras2021-07-28-768x512.jpeg 768w, https:\/\/diariodominicano.com\/wp-content\/uploads\/2021\/07\/Carolina-trabajosaceras2021-07-28-1536x1023.jpeg 1536w, https:\/\/diariodominicano.com\/wp-content\/uploads\/2021\/07\/Carolina-trabajosaceras2021-07-28-816x544.jpeg 816w, https:\/\/diariodominicano.com\/wp-content\/uploads\/2021\/07\/Carolina-trabajosaceras2021-07-28.jpeg 1600w\" sizes=\"auto, (max-width: 365px) 100vw, 365px\" \/><\/figure><\/div>\n\n\n\n<p>Este proyecto, al igual que el iniciado hace una semana en Gazcue, forman parte del compromiso asumido por la alcaldesa de devolver la ciudad a la gente a trav\u00e9s de la recuperaci\u00f3n de espacios p\u00fablicos, y que se ha estado ejecutando desde el inicio de su gesti\u00f3n, siempre en procura de que la ciudadan\u00eda cuente con \u00e1reas en condiciones \u00f3ptimas para su desplazamiento y recreaci\u00f3n.<\/p>\n\n\n\n<p>\u201cDurante m\u00e1s de 15 a\u00f1os nuestra gente de Naco ha estado reclamando que le pongamos atenci\u00f3n a estas aceras, a nuestras aceras. Yo hice un compromiso y es devolverle la ciudad a nuestra gente, y la recuperaci\u00f3n de espacios p\u00fablicos es un pilar fundamental en ese compromiso. En ese compromiso nuestro ya hemos cumplido con la recuperaci\u00f3n de m\u00e1s de 35 parques en la ciudad en diferentes lugares. Estamos trabajando aceras en Villa Juana, en Gazcue, aqu\u00ed en Naco, y tenemos la obligaci\u00f3n de seguir trabajando en todos nuestros sectores que necesitan de estas intervenciones\u201d, fueron las palabras de la alcaldesa Carolina Mej\u00eda.<\/p>\n\n\n\n<div class=\"wp-block-image\"><figure class=\"alignleft size-large is-resized\"><img loading=\"lazy\" decoding=\"async\" src=\"https:\/\/diariodominicano.com\/wp-content\/uploads\/2021\/07\/Picaso-CarolinaADN28-7-21-1024x682.jpeg\" alt=\"\" class=\"wp-image-289509\" width=\"305\" height=\"203\" srcset=\"https:\/\/diariodominicano.com\/wp-content\/uploads\/2021\/07\/Picaso-CarolinaADN28-7-21-1024x682.jpeg 1024w, https:\/\/diariodominicano.com\/wp-content\/uploads\/2021\/07\/Picaso-CarolinaADN28-7-21-300x200.jpeg 300w, https:\/\/diariodominicano.com\/wp-content\/uploads\/2021\/07\/Picaso-CarolinaADN28-7-21-768x512.jpeg 768w, https:\/\/diariodominicano.com\/wp-content\/uploads\/2021\/07\/Picaso-CarolinaADN28-7-21-1536x1023.jpeg 1536w, https:\/\/diariodominicano.com\/wp-content\/uploads\/2021\/07\/Picaso-CarolinaADN28-7-21-816x544.jpeg 816w, https:\/\/diariodominicano.com\/wp-content\/uploads\/2021\/07\/Picaso-CarolinaADN28-7-21.jpeg 1600w\" sizes=\"auto, (max-width: 305px) 100vw, 305px\" \/><\/figure><\/div>\n\n\n\n<p>Hizo un llamado a la ciudadan\u00eda a seguir acompa\u00f1ando a la instituci\u00f3n en estas acciones que cumplen con el prop\u00f3sito de mejorar la calidad de vida de la poblaci\u00f3n capitale\u00f1a y seguir transformando la ciudad.<\/p>\n\n\n\n<p>Cabe resaltar que esta iniciativa de reconstrucci\u00f3n de aceras tambi\u00e9n se corresponde con la agenda municipal inclusiva, ya que con la construcci\u00f3n de rampas de accesibilidad la entidad tiene como objetivo mejorar y facilitar la accesibilidad y el desplazamiento de las personas que transitan en silla de ruedas, envejecientes y\/o con discapacidad visual.<\/p>\n\n\n\n<p>Fuente:   <strong>Direcci\u00f3n de Comunicaciones ADN<\/strong><\/p>\n\n\n\n<p><strong>28 de julio, 2021<\/strong><br><\/p>\n","protected":false},"excerpt":{"rendered":"<p>diariodominicano.com Alcald\u00eda del Distrito inicia proyecto con inversi\u00f3n de RD$13.5 MM Santo Domingo, R. D., 28 de julio, 2021.- La Alcaldesa del Distrito Nacional, Carolina Mej\u00eda, dio el primer picazo que marca el inicio del proyecto de construcci\u00f3n y reconstrucci\u00f3n de aceras, contenes y rampas de accesibilidad en el Ensanche Naco. En un acto protocolar [&hellip;]<\/p>\n","protected":false},"author":5,"featured_media":289507,"comment_status":"closed","ping_status":"","sticky":true,"template":"","format":"standard","meta":{"footnotes":""},"categories":[20,27],"tags":[],"class_list":["post-289505","post","type-post","status-publish","format-standard","has-post-thumbnail","hentry","category-dominicana-hoy","category-portada"],"_links":{"self":[{"href":"https:\/\/diariodominicano.com\/index.php?rest_route=\/wp\/v2\/posts\/289505","targetHints":{"allow":["GET"]}}],"collection":[{"href":"https:\/\/diariodominicano.com\/index.php?rest_route=\/wp\/v2\/posts"}],"about":[{"href":"https:\/\/diariodominicano.com\/index.php?rest_route=\/wp\/v2\/types\/post"}],"author":[{"embeddable":true,"href":"https:\/\/diariodominicano.com\/index.php?rest_route=\/wp\/v2\/users\/5"}],"replies":[{"embeddable":true,"href":"https:\/\/diariodominicano.com\/index.php?rest_route=%2Fwp%2Fv2%2Fcomments&post=289505"}],"version-history":[{"count":1,"href":"https:\/\/diariodominicano.com\/index.php?rest_route=\/wp\/v2\/posts\/289505\/revisions"}],"predecessor-version":[{"id":289510,"href":"https:\/\/diariodominicano.com\/index.php?rest_route=\/wp\/v2\/posts\/289505\/revisions\/289510"}],"wp:featuredmedia":[{"embeddable":true,"href":"https:\/\/diariodominicano.com\/index.php?rest_route=\/wp\/v2\/media\/289507"}],"wp:attachment":[{"href":"https:\/\/diariodominicano.com\/index.php?rest_route=%2Fwp%2Fv2%2Fmedia&parent=289505"}],"wp:term":[{"taxonomy":"category","embeddable":true,"href":"https:\/\/diariodominicano.com\/index.php?rest_route=%2Fwp%2Fv2%2Fcategories&post=289505"},{"taxonomy":"post_tag","embeddable":true,"href":"https:\/\/diariodominicano.com\/index.php?rest_route=%2Fwp%2Fv2%2Ftags&post=289505"}],"curies":[{"name":"wp","href":"https:\/\/api.w.org\/{rel}","templated":true}]}}