{"id":289499,"date":"2021-07-28T21:41:25","date_gmt":"2021-07-29T01:41:25","guid":{"rendered":"http:\/\/diariodominicano.com\/?p=289499"},"modified":"2021-07-28T21:41:25","modified_gmt":"2021-07-29T01:41:25","slug":"destacan-la-confianza-de-inversionistas-en-rd-aprueban-instalacion-de-13-nuevas-empresas-de-zonas-francas","status":"publish","type":"post","link":"https:\/\/diariodominicano.com\/?p=289499","title":{"rendered":"Destacan la confianza de inversionistas en RD; aprueban instalaci\u00f3n de 13 nuevas empresas de zonas francas"},"content":{"rendered":"\n<p>diariodominicano.com<\/p>\n\n\n\n<p>Santo Domingo, R. D.,  28 de julio, 2021.- Durante la sesi\u00f3n Ordinaria del Consejo de Zonas Francas fueron aprobadas 13 nuevas empresas, lo que supone una inversi\u00f3n de RD$2,175 millones y sumar\u00e1n 1,786 nuevos empleos para este sector.<\/p>\n\n\n\n<p>Las empresas aprobadas corresponden a los subsectores de manufactura de cajas, cigarros, servicios, desarrollo de software, hilo dental, fabricaci\u00f3n de puertas y ventanas, shutters y productos relacionados. &nbsp;<\/p>\n\n\n\n<p>Con estas, suman 71 las aprobadas en esta gesti\u00f3n del presidente Luis Abinader, con una inversi\u00f3n que supera RD$10,504 millones y 9,951 nuevos empleos.<\/p>\n\n\n\n<p>Las empresas aprobadas cuentan con informes favorables del Ministerio de Hacienda, tomando en cuenta el costo beneficio, y que los incentivos tributarios no son necesarios para que cada uno de estos proyectos se lleve a cabo.<\/p>\n\n\n\n<p>Las empresas aprobadas son: BM Cargo Logistics, Grupo Expertix, Tabacalera de Garc\u00eda, LG H&amp;H USA, Ebadom, Industrial, Dombox, PROWELD &amp; Accesorios, E puente Cigars, Tabaco Vega del Rey, CTM Printing &nbsp;y Logistic Management.<\/p>\n\n\n\n<p>Est\u00e1n ubicadas en los parques de Santiago Navarrete, Zona Industrial de Cotui, Zona Industrial de La Vega, en la zona franca Cariexport Internacional, en la zona Multimodal Caucedo, Las Am\u00e9ricas, La Romana, San Crist\u00f3bal, Bonao, y San Pedro de Macor\u00eds.<\/p>\n\n\n\n<p>Al encabezar la sesi\u00f3n del Consejo, el ministro de Industria, Comercio y Mipymes (MICM), V\u00edctor \u2013Ito- Bison\u00f3, destac\u00f3 que el sector es uno de los motores que lidera la reactivaci\u00f3n econ\u00f3mica y con ello, una zona llena de oportunidades para las dominicanas y dominicanos.<\/p>\n\n\n\n<p>\u201cDesde el Gobierno que encabeza el presidente Luis Abinader trabajamos sin descanso para fortalecer el clima de inversi\u00f3n de nuestro pa\u00eds y el posicionamiento de Rep\u00fablica Dominicana como destino de inversi\u00f3n por excelencia\u201d, asegur\u00f3.<\/p>\n\n\n\n<p>Bison\u00f3 asegur\u00f3 ante los miembros del consejo que el sector abre una gran oportunidad para los inversionistas que han elegido a Rep\u00fablica Dominica como destino para sus inversiones.<\/p>\n\n\n\n<p>Fuente: Direcci\u00f3n de Prensa<\/p>\n\n\n\n<p>Presidencia de la Rep\u00fablica Dominicana<\/p>\n","protected":false},"excerpt":{"rendered":"<p>diariodominicano.com Santo Domingo, R. D., 28 de julio, 2021.- Durante la sesi\u00f3n Ordinaria del Consejo de Zonas Francas fueron aprobadas 13 nuevas empresas, lo que supone una inversi\u00f3n de RD$2,175 millones y sumar\u00e1n 1,786 nuevos empleos para este sector. Las empresas aprobadas corresponden a los subsectores de manufactura de cajas, cigarros, servicios, desarrollo de software, [&hellip;]<\/p>\n","protected":false},"author":5,"featured_media":289502,"comment_status":"closed","ping_status":"","sticky":true,"template":"","format":"standard","meta":{"footnotes":""},"categories":[18,27],"tags":[],"class_list":["post-289499","post","type-post","status-publish","format-standard","has-post-thumbnail","hentry","category-economia","category-portada"],"_links":{"self":[{"href":"https:\/\/diariodominicano.com\/index.php?rest_route=\/wp\/v2\/posts\/289499","targetHints":{"allow":["GET"]}}],"collection":[{"href":"https:\/\/diariodominicano.com\/index.php?rest_route=\/wp\/v2\/posts"}],"about":[{"href":"https:\/\/diariodominicano.com\/index.php?rest_route=\/wp\/v2\/types\/post"}],"author":[{"embeddable":true,"href":"https:\/\/diariodominicano.com\/index.php?rest_route=\/wp\/v2\/users\/5"}],"replies":[{"embeddable":true,"href":"https:\/\/diariodominicano.com\/index.php?rest_route=%2Fwp%2Fv2%2Fcomments&post=289499"}],"version-history":[{"count":1,"href":"https:\/\/diariodominicano.com\/index.php?rest_route=\/wp\/v2\/posts\/289499\/revisions"}],"predecessor-version":[{"id":289504,"href":"https:\/\/diariodominicano.com\/index.php?rest_route=\/wp\/v2\/posts\/289499\/revisions\/289504"}],"wp:featuredmedia":[{"embeddable":true,"href":"https:\/\/diariodominicano.com\/index.php?rest_route=\/wp\/v2\/media\/289502"}],"wp:attachment":[{"href":"https:\/\/diariodominicano.com\/index.php?rest_route=%2Fwp%2Fv2%2Fmedia&parent=289499"}],"wp:term":[{"taxonomy":"category","embeddable":true,"href":"https:\/\/diariodominicano.com\/index.php?rest_route=%2Fwp%2Fv2%2Fcategories&post=289499"},{"taxonomy":"post_tag","embeddable":true,"href":"https:\/\/diariodominicano.com\/index.php?rest_route=%2Fwp%2Fv2%2Ftags&post=289499"}],"curies":[{"name":"wp","href":"https:\/\/api.w.org\/{rel}","templated":true}]}}