{"id":289483,"date":"2021-07-28T21:02:16","date_gmt":"2021-07-29T01:02:16","guid":{"rendered":"http:\/\/diariodominicano.com\/?p=289483"},"modified":"2021-07-28T21:02:16","modified_gmt":"2021-07-29T01:02:16","slug":"presidente-castillo-anuncia-proyecto-de-ley-para-reforma-constitucional-en-peru","status":"publish","type":"post","link":"https:\/\/diariodominicano.com\/?p=289483","title":{"rendered":"Presidente Castillo anuncia proyecto de ley para reforma constitucional en Per\u00fa"},"content":{"rendered":"\n<p>diariodominicano.com<a rel=\"noreferrer noopener\" href=\"http:\/\/home.xinhua-news.com\/gdsdetailxhs\/share\/9738780-?pageflag=iframe\" target=\"_blank\"><\/a><\/p>\n\n\n\n<pre id=\"text-news-description\" class=\"wp-block-preformatted\">   LIMA, 28 jul (Xinhua) -- El presidente de Per\u00fa, Pedro Castillo, inform\u00f3 hoy que su gobierno presentar\u00e1 ante el Congreso un proyecto de ley para una reforma constitucional.\n   \"Anuncio que presentaremos ante el Congreso, respetando escrupulosamente el procedimiento de reforma constitucional previsto en el art\u00edculo 206 de la Constituci\u00f3n vigente (que rige en la naci\u00f3n desde 1993), un proyecto de ley para reformarla\", dijo en su primer discurso tras asumir la Presidencia.\n   Desde el hemiciclo del Poder Legislativo, donde jur\u00f3 como presidente, Castillo record\u00f3 que la promesa de impulsar una Asamblea Constituyente fue una de las principales banderas pol\u00edticas de su campa\u00f1a.\n   \"Para lograr este prop\u00f3sito tendremos que conciliar posiciones con el Congreso de la Rep\u00fablica, pues ser\u00e1 aqu\u00ed, en la casa de las leyes, donde se tendr\u00e1n que aprobar las normas correspondientes\", destac\u00f3.\n   El mandatario indic\u00f3 que la Asamblea Constituyente ser\u00e1 elegida por el pueblo exclusivamente para dedicarse a elaborar, en un plazo predeterminado, un proyecto de Constituci\u00f3n, producto del debate pol\u00edtico y acuerdo pluralista, que ser\u00e1 sometido a un refer\u00e9ndum.\n   Asegur\u00f3 que la \"Constituyente del Bicentenario\" tendr\u00e1 que ser plurinacional, popular y con paridad de g\u00e9nero, incluir a porcentajes de candidatos provenientes de pueblos ind\u00edgenas, nativos y originarios, del pueblo afroperuano y candidaturas independientes.<\/pre>\n\n\n\n<figure class=\"wp-block-gallery columns-3 is-cropped wp-block-gallery-1 is-layout-flex wp-block-gallery-is-layout-flex\"><ul class=\"blocks-gallery-grid\"><li class=\"blocks-gallery-item\"><figure><img loading=\"lazy\" decoding=\"async\" width=\"490\" height=\"336\" src=\"https:\/\/diariodominicano.com\/wp-content\/uploads\/2021\/07\/Peru-Castillo28-7-21.jpg\" alt=\"\" data-id=\"289486\" class=\"wp-image-289486\" srcset=\"https:\/\/diariodominicano.com\/wp-content\/uploads\/2021\/07\/Peru-Castillo28-7-21.jpg 490w, https:\/\/diariodominicano.com\/wp-content\/uploads\/2021\/07\/Peru-Castillo28-7-21-300x206.jpg 300w\" sizes=\"auto, (max-width: 490px) 100vw, 490px\" \/><\/figure><\/li><li class=\"blocks-gallery-item\"><figure><img loading=\"lazy\" decoding=\"async\" width=\"490\" height=\"336\" src=\"https:\/\/diariodominicano.com\/wp-content\/uploads\/2021\/07\/pedroCastilloJura28-7-21.jpg\" alt=\"\" data-id=\"289487\" data-link=\"https:\/\/diariodominicano.com\/?attachment_id=289487\" class=\"wp-image-289487\" srcset=\"https:\/\/diariodominicano.com\/wp-content\/uploads\/2021\/07\/pedroCastilloJura28-7-21.jpg 490w, https:\/\/diariodominicano.com\/wp-content\/uploads\/2021\/07\/pedroCastilloJura28-7-21-300x206.jpg 300w\" sizes=\"auto, (max-width: 490px) 100vw, 490px\" \/><\/figure><\/li><li class=\"blocks-gallery-item\"><figure><img loading=\"lazy\" decoding=\"async\" width=\"490\" height=\"336\" src=\"https:\/\/diariodominicano.com\/wp-content\/uploads\/2021\/07\/pedroCastilloBanda28-7-21.jpg\" alt=\"\" data-id=\"289488\" data-full-url=\"https:\/\/diariodominicano.com\/wp-content\/uploads\/2021\/07\/pedroCastilloBanda28-7-21.jpg\" data-link=\"https:\/\/diariodominicano.com\/?attachment_id=289488\" class=\"wp-image-289488\" srcset=\"https:\/\/diariodominicano.com\/wp-content\/uploads\/2021\/07\/pedroCastilloBanda28-7-21.jpg 490w, https:\/\/diariodominicano.com\/wp-content\/uploads\/2021\/07\/pedroCastilloBanda28-7-21-300x206.jpg 300w\" sizes=\"auto, (max-width: 490px) 100vw, 490px\" \/><\/figure><\/li><\/ul><\/figure>\n","protected":false},"excerpt":{"rendered":"<p>diariodominicano.com LIMA, 28 jul (Xinhua) &#8212; El presidente de Per\u00fa, Pedro Castillo, inform\u00f3 hoy que su gobierno presentar\u00e1 ante el Congreso un proyecto de ley para una reforma constitucional. \u00abAnuncio que presentaremos ante el Congreso, respetando escrupulosamente el procedimiento de reforma constitucional previsto en el art\u00edculo 206 de la Constituci\u00f3n vigente (que rige en la [&hellip;]<\/p>\n","protected":false},"author":5,"featured_media":289484,"comment_status":"closed","ping_status":"","sticky":true,"template":"","format":"standard","meta":{"footnotes":""},"categories":[23,27],"tags":[],"class_list":["post-289483","post","type-post","status-publish","format-standard","has-post-thumbnail","hentry","category-internacional","category-portada"],"_links":{"self":[{"href":"https:\/\/diariodominicano.com\/index.php?rest_route=\/wp\/v2\/posts\/289483","targetHints":{"allow":["GET"]}}],"collection":[{"href":"https:\/\/diariodominicano.com\/index.php?rest_route=\/wp\/v2\/posts"}],"about":[{"href":"https:\/\/diariodominicano.com\/index.php?rest_route=\/wp\/v2\/types\/post"}],"author":[{"embeddable":true,"href":"https:\/\/diariodominicano.com\/index.php?rest_route=\/wp\/v2\/users\/5"}],"replies":[{"embeddable":true,"href":"https:\/\/diariodominicano.com\/index.php?rest_route=%2Fwp%2Fv2%2Fcomments&post=289483"}],"version-history":[{"count":1,"href":"https:\/\/diariodominicano.com\/index.php?rest_route=\/wp\/v2\/posts\/289483\/revisions"}],"predecessor-version":[{"id":289489,"href":"https:\/\/diariodominicano.com\/index.php?rest_route=\/wp\/v2\/posts\/289483\/revisions\/289489"}],"wp:featuredmedia":[{"embeddable":true,"href":"https:\/\/diariodominicano.com\/index.php?rest_route=\/wp\/v2\/media\/289484"}],"wp:attachment":[{"href":"https:\/\/diariodominicano.com\/index.php?rest_route=%2Fwp%2Fv2%2Fmedia&parent=289483"}],"wp:term":[{"taxonomy":"category","embeddable":true,"href":"https:\/\/diariodominicano.com\/index.php?rest_route=%2Fwp%2Fv2%2Fcategories&post=289483"},{"taxonomy":"post_tag","embeddable":true,"href":"https:\/\/diariodominicano.com\/index.php?rest_route=%2Fwp%2Fv2%2Ftags&post=289483"}],"curies":[{"name":"wp","href":"https:\/\/api.w.org\/{rel}","templated":true}]}}