{"id":289480,"date":"2021-07-29T02:41:17","date_gmt":"2021-07-29T06:41:17","guid":{"rendered":"http:\/\/diariodominicano.com\/?p=289480"},"modified":"2021-07-29T02:41:17","modified_gmt":"2021-07-29T06:41:17","slug":"prodominicana-reconoce-aporte-de-la-union-europea-y-al-viceministerio-de-cooperacion-internacional-para-la-internacionalizacion-de-las-pymes-en-la-rep-dom","status":"publish","type":"post","link":"https:\/\/diariodominicano.com\/?p=289480","title":{"rendered":"ProDominicana reconoce aporte de la Uni\u00f3n Europea y al Viceministerio de Cooperaci\u00f3n Internacional para la Internacionalizaci\u00f3n de las Pymes en la Rep. Dom."},"content":{"rendered":"\n<p><strong>Santo Domingo<\/strong>.- Biviana Riveiro, Directora Ejecutiva del Centro de Exportaci\u00f3n e Inversi\u00f3n de la Rep\u00fablica Dominicana (ProDominicana),\u00a0 entreg\u00f3 un reconocimiento al embajador de la Delegaci\u00f3n de la Uni\u00f3n Europea en la Rep\u00fablica Dominicana\u00a0 Gianlucca Grippa y\u00a0 la Viceministra de Cooperaci\u00f3n Internacional y Ordenadora Nacional de los Fondos Europeos para el Desarrollo, Olaya Ondina Dotel, en virtud del apoyo brindado durante el Programa\u00a0de Fortalecimiento e Internacionalizaci\u00f3n de Pymes\u00a0de la Rep\u00fablica Dominicana.<\/p>\n\n\n\n<p>Riveiro agradeci\u00f3 el apoyo continuo del embajador Grippa y la viceminitra Dotel, a trav\u00e9s de la Delegaci\u00f3n de la Uni\u00f3n Europea y del Ministerio de Econom\u00eda, Planificaci\u00f3n y Desarrollo, para implementar acciones orientadas a robustecer las capacidades productivas de las Mipymes de cara a los mercados globales.<\/p>\n\n\n\n<p>\u201cNuestro prop\u00f3sito como agencia de promoci\u00f3n est\u00e1 en velar por los productores dominicanos, con el fin de elevar la competitividad de nuestro pa\u00eds a nivel global. Tambi\u00e9n, fortalecer el sistema de promoci\u00f3n de la oferta exportable para ampliar las exportaciones, a trav\u00e9s del fomento y desarrollo de las PYMES\u201d, explic\u00f3 Riveiro.<\/p>\n\n\n\n<p>El Programa de Fortalecimiento e Internacionalizaci\u00f3n de Pymes ha permitido el desarrollo y la digitalizaci\u00f3n de los servicios a trav\u00e9s de plataformas obtenidas mediante el proyecto, as\u00ed mismo destac\u00f3 el apoyo brindado llevando a cabo la internacionalizaci\u00f3n de 41 pymes que lograron exportar los productos dominicanos por primera vez, obteniendo asistencias y financiamiento para la para certificaciones de calidad, capacitaciones, entre otras acciones para su desarrollo.<\/p>\n\n\n\n<p>Entre las plataformas digitales obtenidas a trav\u00e9s del programa est\u00e1n ProDominicana Connet plataforma virtual para el intercambio comercial; en esta se han realizado 3541 reuniones de negocios, beneficiado a 528 exportadores, de los cuales 73 son peque\u00f1as y medianas empresas Prodominicana Capacita es otro resultado del programa de Fortalecimiento e Internacionalizaci\u00f3n de Pymes. Esta herramienta permite fortalecer las capacidades de las Mipymes. Hasta el momento hay 2787 usuarios.<\/p>\n\n\n\n<p>Durante el evento de reconocimiento, el embajador de la delegaci\u00f3n de la Uni\u00f3n Europea en la Rep\u00fablica Dominicana Gianlucca Grippa,&nbsp;quien pr\u00f3ximamente concluir\u00e1 sus labores diplom\u00e1ticas en el pa\u00eds, agradeci\u00f3 el reconocimiento, se mostr\u00f3 satisfecho por la labor desempa\u00f1a durante el proyecto.<\/p>\n\n\n\n<p>De su lado la viceministra de Cooperaci\u00f3n Internacional y Ordenadora Nacional de los Fondos Europeos de la direcci\u00f3n General de Cooperaci\u00f3n Multilateral (DIGECOM), Olaya Dotel, quien dijo sentirse agradecida por la distinci\u00f3n expreso&nbsp;\u201cque la cooperaci\u00f3n internacional debe ser colocada en acciones estrat\u00e9gicas que permitan potenciar el desarrollo de las personas en los diferentes lugares del pa\u00eds\u201d.<\/p>\n\n\n\n<p>La se\u00f1ora Vilma Arbaje, viceministra de Comercio Exterior del Ministerio de Industria, Comercio y Mipymes, expres\u00f3 en sus palabras de agradecimientos, sentirse sumamente agradecidos con ambas instituciones que decidieron aportar, con recursos y servicios, para que este sea un programa de grandes \u00e9xitos para la naci\u00f3n.<\/p>\n\n\n\n<p>El evento concluy\u00f3 con el acto de entrega de una placa de reconocimiento al embajador Grippa y a la viceministra Dotel, En la actividad se destac\u00f3 el intercambio cultural y econ\u00f3mico que existe entre la Rep\u00fablica Dominicana y la Uni\u00f3n Europea, gracias a las excelentes relaciones diplom\u00e1ticas que mantienen ambos territorios desde hace m\u00e1s de 30 a\u00f1os.<\/p>\n\n\n\n<p><\/p>\n","protected":false},"excerpt":{"rendered":"<p>Santo Domingo.- Biviana Riveiro, Directora Ejecutiva del Centro de Exportaci\u00f3n e Inversi\u00f3n de la Rep\u00fablica Dominicana (ProDominicana),\u00a0 entreg\u00f3 un reconocimiento al embajador de la Delegaci\u00f3n de la Uni\u00f3n Europea en la Rep\u00fablica Dominicana\u00a0 Gianlucca Grippa y\u00a0 la Viceministra de Cooperaci\u00f3n Internacional y Ordenadora Nacional de los Fondos Europeos para el Desarrollo, Olaya Ondina Dotel, en [&hellip;]<\/p>\n","protected":false},"author":7,"featured_media":0,"comment_status":"closed","ping_status":"","sticky":false,"template":"","format":"standard","meta":{"footnotes":""},"categories":[20,27],"tags":[],"class_list":["post-289480","post","type-post","status-publish","format-standard","hentry","category-dominicana-hoy","category-portada"],"_links":{"self":[{"href":"https:\/\/diariodominicano.com\/index.php?rest_route=\/wp\/v2\/posts\/289480","targetHints":{"allow":["GET"]}}],"collection":[{"href":"https:\/\/diariodominicano.com\/index.php?rest_route=\/wp\/v2\/posts"}],"about":[{"href":"https:\/\/diariodominicano.com\/index.php?rest_route=\/wp\/v2\/types\/post"}],"author":[{"embeddable":true,"href":"https:\/\/diariodominicano.com\/index.php?rest_route=\/wp\/v2\/users\/7"}],"replies":[{"embeddable":true,"href":"https:\/\/diariodominicano.com\/index.php?rest_route=%2Fwp%2Fv2%2Fcomments&post=289480"}],"version-history":[{"count":2,"href":"https:\/\/diariodominicano.com\/index.php?rest_route=\/wp\/v2\/posts\/289480\/revisions"}],"predecessor-version":[{"id":289542,"href":"https:\/\/diariodominicano.com\/index.php?rest_route=\/wp\/v2\/posts\/289480\/revisions\/289542"}],"wp:attachment":[{"href":"https:\/\/diariodominicano.com\/index.php?rest_route=%2Fwp%2Fv2%2Fmedia&parent=289480"}],"wp:term":[{"taxonomy":"category","embeddable":true,"href":"https:\/\/diariodominicano.com\/index.php?rest_route=%2Fwp%2Fv2%2Fcategories&post=289480"},{"taxonomy":"post_tag","embeddable":true,"href":"https:\/\/diariodominicano.com\/index.php?rest_route=%2Fwp%2Fv2%2Ftags&post=289480"}],"curies":[{"name":"wp","href":"https:\/\/api.w.org\/{rel}","templated":true}]}}