{"id":289479,"date":"2021-07-28T21:42:10","date_gmt":"2021-07-29T01:42:10","guid":{"rendered":"http:\/\/diariodominicano.com\/?p=289479"},"modified":"2021-07-28T22:01:28","modified_gmt":"2021-07-29T02:01:28","slug":"uasd-develiza-mural-del-pintor-vela-zanetti-en-salon-guarocuya-batista-del-villar-de-la-fcs","status":"publish","type":"post","link":"https:\/\/diariodominicano.com\/?p=289479","title":{"rendered":"UASD develiza mural del pintor Vela Zanetti en Sal\u00f3n Guarocuya Batista del Villar de la FCS"},"content":{"rendered":"\n<p>La rectora de la Universidad Aut\u00f3noma de Santo Domingo (UASD), doctora Emma Polanco Melo encabez\u00f3 \u00a0este mi\u00e9rcoles el acto de develizamiento de un mural del artista Jos\u00e9 Vela Zanetti, el cual fue restaurado por maestros de la Primada de Am\u00e9rica <\/p>\n\n\n\n<p>La doctora Emma Polanco expres\u00f3 su satisfacci\u00f3n por el rescate de este mural que es una gran joya de arte, tras significar que en esa muestra pict\u00f3rica est\u00e1n representadas generaciones pasadas y futuras. El acto se desarroll\u00f3&nbsp;<a><\/a>en el Sal\u00f3n Guarocuya Batista del Villar de la Facultad de Ciencias de la Salud.<\/p>\n\n\n\n<p>\u201cEste mural que es un orgullo de la Universidad Aut\u00f3noma de Santo Domingo, el cual nosotros somos responsables de conservar, as\u00ed mismo debemos ser difusores de su historia, y su inestimable valor art\u00edstico\u201d, asegur\u00f3 la m\u00e1xima autoridad uasdiana.<\/p>\n\n\n\n<p>Mientras que la decana de la Facultad de Ciencias de la Salud, doctora Rosel Fern\u00e1ndez destac\u00f3 la importancia de la obra de arte como un patrimonio del mundo.<\/p>\n\n\n\n<p>La decana sostuvo que \u201cnos sentimos orgullos de la restauraci\u00f3n de este mural que es un legado hist\u00f3rico y patri\u00f3tico de maestro Vela Zanetti, con el compromiso de mantenerlo cada vez que sea necesario. Su importancia radica en&nbsp; que recoge el devenir hist\u00f3rico de la salud\u201d.<\/p>\n\n\n\n<p>De su lado la doctora \u00c1ngela Caba, disert\u00f3 sobre la vida y obra del artista Jos\u00e9 Vela Zanetti.<\/p>\n\n\n\n<p>Mientras que el maestro Dionisio de la Paz de la Facultad de Artes revel\u00f3 el proceso de restauraci\u00f3n de la obra de arte, tras describir el contenido de la misma.<\/p>\n\n\n\n<p>El mural realizado por el artista pl\u00e1stico Vela Zanetti en la d\u00e9cada del 1940, fue restaurado por las autoridades de la UASD como un aporte al fomento de la cultura y la protecci\u00f3n del patrimonio art\u00edstico de la Primada de Am\u00e9rica.<\/p>\n\n\n\n<p>La obra tiene una gran importancia para la casa de altos estudios superiores y el pa\u00eds porque fue encomendada al artista Jos\u00e9 Vela Zanetti con motivo de la celebraci\u00f3n del centenario de la Independencia Nacional.<\/p>\n\n\n\n<p>La pieza art\u00edstica, la cual est\u00e1 relacionada con el marco curricular de la ense\u00f1anza de la Facultad de Ciencias de la Salud, tiene una gran trascendencia tanto en el \u00e1mbito cultural, art\u00edstico e intelectual.<\/p>\n\n\n\n<p>El mural est\u00e1 caracterizado por una gama crom\u00e1tica por el manejo de grises fr\u00edos que se conjugan en algunos entornos con el color tropical del caribe. La pieza art\u00edstica proyecta aspectos que enfocan la medicina cient\u00edfica, la medicina tradicional primitiva, aspectos de investigaci\u00f3n microbacterianas y estudio de la anatom\u00eda en esencia y los estudios de la antropolog\u00eda de la antig\u00fcedad y la era primitiva.<\/p>\n\n\n\n<p><strong><u>Sobre Jos\u00e9 Vela Zanetti<\/u><\/strong><\/p>\n\n\n\n<p>Jos\u00e9 Vela Zanetti, lleg\u00f3 al pa\u00eds desde Espa\u00f1a en el 1939, fue un artista prol\u00edfico, fue director de la Escuela Nacional de Bellas Artes en la cual form\u00f3 a las nuevas generaciones que habr\u00edan de sucederlo despu\u00e9s de su partida hacia Puerto Rico.<\/p>\n\n\n\n<p>Su obra tiene una fortaleza desde el punto de vista compositivo y sigue las l\u00edneas de las escuelas hel\u00e9nicas esencialmente las del periodo cl\u00e1sico.<\/p>\n\n\n\n<p>De acuerdo al restaurador, maestro Dionisio de la Paz, a la restauraci\u00f3n de la obra de arte le dedic\u00f3&nbsp; unas 400 horas,&nbsp; dos meses y medio y la misma mide 14&#215;4.5metros.<\/p>\n\n\n\n<p>Al evento asistieron el secretario general, Juan Antonio Cerda Luna, los vicerrectores de Investigaci\u00f3n y Postgrado, doctor Mauro Canario; y Docente, maestro Alejandro Ozuna, respectivamente.<\/p>\n\n\n\n<p>Adem\u00e1s de los mencionados&nbsp; estuvieron presentes los decanos de la Facultad de Artes, Dione Rufino; FCES, Alexi Mart\u00ednez; Ciencias,&nbsp; Radham\u00e9s Silverio; la decana de la Facultad de Ciencias Agron\u00f3micas y Veterinarias, Ramona Isa Medina, tambien asisti\u00f3 la vicedecana de la Facultad de Humanidades, Altagracia Suero; entre otras personalidades.<\/p>\n\n\n\n<p>Pie de Foto:<\/p>\n\n\n\n<p>1.&nbsp;&nbsp;&nbsp;&nbsp;&nbsp;La rectora doctora Emma Polanco Melo en sus palabras centrales en el acto.<\/p>\n\n\n\n<p>2.&nbsp;&nbsp;&nbsp;&nbsp;&nbsp;La rectora doctora Emma Polanco Melo en compa\u00f1\u00eda de las autoridades de la academia.<\/p>\n\n\n\n<figure class=\"wp-block-image is-style-default\"><img loading=\"lazy\" decoding=\"async\" width=\"1024\" height=\"600\" src=\"https:\/\/diariodominicano.com\/wp-content\/uploads\/2021\/07\/image-67-1024x600.png\" alt=\"\" class=\"wp-image-289500\" srcset=\"https:\/\/diariodominicano.com\/wp-content\/uploads\/2021\/07\/image-67-1024x600.png 1024w, https:\/\/diariodominicano.com\/wp-content\/uploads\/2021\/07\/image-67-300x176.png 300w, https:\/\/diariodominicano.com\/wp-content\/uploads\/2021\/07\/image-67-768x450.png 768w, https:\/\/diariodominicano.com\/wp-content\/uploads\/2021\/07\/image-67-816x478.png 816w, https:\/\/diariodominicano.com\/wp-content\/uploads\/2021\/07\/image-67.png 1188w\" sizes=\"auto, (max-width: 1024px) 100vw, 1024px\" \/><\/figure>\n","protected":false},"excerpt":{"rendered":"<p>La rectora de la Universidad Aut\u00f3noma de Santo Domingo (UASD), doctora Emma Polanco Melo encabez\u00f3 \u00a0este mi\u00e9rcoles el acto de develizamiento de un mural del artista Jos\u00e9 Vela Zanetti, el cual fue restaurado por maestros de la Primada de Am\u00e9rica La doctora Emma Polanco expres\u00f3 su satisfacci\u00f3n por el rescate de este mural que es [&hellip;]<\/p>\n","protected":false},"author":7,"featured_media":289501,"comment_status":"closed","ping_status":"","sticky":true,"template":"","format":"standard","meta":{"footnotes":""},"categories":[21,27],"tags":[],"class_list":["post-289479","post","type-post","status-publish","format-standard","has-post-thumbnail","hentry","category-cultura","category-portada"],"_links":{"self":[{"href":"https:\/\/diariodominicano.com\/index.php?rest_route=\/wp\/v2\/posts\/289479","targetHints":{"allow":["GET"]}}],"collection":[{"href":"https:\/\/diariodominicano.com\/index.php?rest_route=\/wp\/v2\/posts"}],"about":[{"href":"https:\/\/diariodominicano.com\/index.php?rest_route=\/wp\/v2\/types\/post"}],"author":[{"embeddable":true,"href":"https:\/\/diariodominicano.com\/index.php?rest_route=\/wp\/v2\/users\/7"}],"replies":[{"embeddable":true,"href":"https:\/\/diariodominicano.com\/index.php?rest_route=%2Fwp%2Fv2%2Fcomments&post=289479"}],"version-history":[{"count":4,"href":"https:\/\/diariodominicano.com\/index.php?rest_route=\/wp\/v2\/posts\/289479\/revisions"}],"predecessor-version":[{"id":289516,"href":"https:\/\/diariodominicano.com\/index.php?rest_route=\/wp\/v2\/posts\/289479\/revisions\/289516"}],"wp:featuredmedia":[{"embeddable":true,"href":"https:\/\/diariodominicano.com\/index.php?rest_route=\/wp\/v2\/media\/289501"}],"wp:attachment":[{"href":"https:\/\/diariodominicano.com\/index.php?rest_route=%2Fwp%2Fv2%2Fmedia&parent=289479"}],"wp:term":[{"taxonomy":"category","embeddable":true,"href":"https:\/\/diariodominicano.com\/index.php?rest_route=%2Fwp%2Fv2%2Fcategories&post=289479"},{"taxonomy":"post_tag","embeddable":true,"href":"https:\/\/diariodominicano.com\/index.php?rest_route=%2Fwp%2Fv2%2Ftags&post=289479"}],"curies":[{"name":"wp","href":"https:\/\/api.w.org\/{rel}","templated":true}]}}