{"id":289474,"date":"2021-07-28T20:42:36","date_gmt":"2021-07-29T00:42:36","guid":{"rendered":"http:\/\/diariodominicano.com\/?p=289474"},"modified":"2021-07-28T20:46:13","modified_gmt":"2021-07-29T00:46:13","slug":"mescyt-la-dgii-y-el-centro-de-estudios-financieros-desarrollaran-doctorado-en-derecho-y-sociedad","status":"publish","type":"post","link":"https:\/\/diariodominicano.com\/?p=289474","title":{"rendered":"MESCYT, la DGII y el Centro de Estudios Financieros desarrollar\u00e1n Doctorado en Derecho y Sociedad"},"content":{"rendered":"\n<p>diariodominicano.com<\/p>\n\n\n\n<p>Santo Domingo, R. D.,  28 de julio, 2021.-  El Ministerio de Educaci\u00f3n Superior, Ciencia y Tecnolog\u00eda (MESCYT), la Direcci\u00f3n General Direcci\u00f3n General de Impuestos Internos (DGII), el Centro de Estudios Financieros (CEF) y la Universidad a Distancia de Madrid (UDIMA) de Espa\u00f1a firmaron un acuerdo con el prop\u00f3sito de desarrollar el Doctorado en Derecho y Sociedad, dirigido a colaboradores de la entidad recaudadora del Estado.<\/p>\n\n\n\n<p>El convenio fue suscrito por el Ministro del MESCYT, doctor Franklin Garc\u00eda Ferm\u00edn, el director general de Impuestos Internos, Luis Valdez Veras, y el representante de la UDIMA y el CEF, Arturo de las Heras Garc\u00eda.<\/p>\n\n\n\n<p>Las partes convienen llevar a cabo el desarrollo del Doctorado en Derecho y Sociedad con el Centro de Estudios Financieros y la UDIMA, mediante las competencias, destrezas y habilidades precisas para realizar una investigaci\u00f3n cient\u00edfica con rigor y calidad, configurando un conjunto de actividades planificadas, desarrolladas y ejecutadas.<\/p>\n\n\n\n<p>El Doctorado tendr\u00e1 un amplio contenido de temas tributarios que se detallan en la Ley No. 11-92 del C\u00f3digo Tributario y sus modificaciones, as\u00ed como tambi\u00e9n posiciones ampliamente desarrolladas sobre reforma fiscal, incluyendo un enfoque preciso relacionado con la determinaci\u00f3n de fraudes y manejo t\u00e9cnico de las variables y\/o tributarias que convergen en los planes de recaudaciones del Estado, y comparaciones entre la Comunidad Econ\u00f3mica Europea y la Rep\u00fablica Dominicana.<\/p>\n\n\n\n<p>La UDIMA y el Centro de Estudios Financieros implementar\u00e1n y &nbsp;desarrollar\u00e1n la formaci\u00f3n online y tele presencial (videoconferencias) correspondiente al T\u00edtulo Oficial de Doctorado en Derecho y Sociedad, de acuerdo con el plan de estudios aprobado y reconocido en Espa\u00f1a por las autoridades educativas competentes y v\u00e1lido en el EEE (Espacio Educativo Europeo).<\/p>\n\n\n\n<p>Asimismo, establecer\u00e1 la coordinaci\u00f3n y facilitaci\u00f3n de la obtenci\u00f3n del t\u00edtulo de los alumnos matriculados en la UDIMA, previo cumplimiento de los requisitos.<\/p>\n\n\n\n<p>De igual modo contempla facilitar el acceso a la plataforma virtual donde los estudiantes recibir\u00e1n las clases tele presenciales.<\/p>\n\n\n\n<p>El MESCYT considera que la Educaci\u00f3n Superior debe estar orientada a los requerimientos internacionales para garantizar su cobertura, pertinencia y calidad, y as\u00ed permitir el acceso a todos aquellos que califiquen sobre la base de sus m\u00e9ritos, capacidades y esfuerzos.<\/p>\n\n\n\n<p>Asimismo, las partes reconocen la importancia de mantener actualizados a los colaboradores en temas relacionados a sus funciones y para formar profesionales responsables y \u00e9ticos que puedan aplicar el conocimiento en el ejercicio de actividades comerciales.<\/p>\n\n\n\n<p>El CEF es una entidad fundada en 1977, de reconocido prestigio y dedicada a la formaci\u00f3n de postgrado, la preparaci\u00f3n de pruebas selectivas de funcionarios, as\u00ed como a la organizaci\u00f3n de cursos y seminarios.<\/p>\n\n\n\n<p>Mientras que la DGII, como entidad encargada de la recaudaci\u00f3n de los tributos internos nacionales, requiere la preparaci\u00f3n t\u00e9cnica de sus colaboradores para cumplir los objetivos de la instituci\u00f3n.<\/p>\n\n\n\n<div class=\"wp-block-image\"><figure class=\"alignleft size-large is-resized\"><img loading=\"lazy\" decoding=\"async\" src=\"https:\/\/diariodominicano.com\/wp-content\/uploads\/2021\/07\/Mescyt-DGEII28-7-21-1024x323.jpg\" alt=\"\" class=\"wp-image-289477\" width=\"373\" height=\"117\" srcset=\"https:\/\/diariodominicano.com\/wp-content\/uploads\/2021\/07\/Mescyt-DGEII28-7-21-1024x323.jpg 1024w, https:\/\/diariodominicano.com\/wp-content\/uploads\/2021\/07\/Mescyt-DGEII28-7-21-300x95.jpg 300w, https:\/\/diariodominicano.com\/wp-content\/uploads\/2021\/07\/Mescyt-DGEII28-7-21-768x242.jpg 768w, https:\/\/diariodominicano.com\/wp-content\/uploads\/2021\/07\/Mescyt-DGEII28-7-21-1536x484.jpg 1536w, https:\/\/diariodominicano.com\/wp-content\/uploads\/2021\/07\/Mescyt-DGEII28-7-21-2048x645.jpg 2048w, https:\/\/diariodominicano.com\/wp-content\/uploads\/2021\/07\/Mescyt-DGEII28-7-21-816x257.jpg 816w\" sizes=\"auto, (max-width: 373px) 100vw, 373px\" \/><\/figure><\/div>\n\n\n\n<p>Garc\u00eda Ferm\u00edn sostuvo que el MESCYT est\u00e1 desarrollando programas de maestr\u00edas y doctorados con 65 universidades internacionales porque el objetivo es llevar la educaci\u00f3n al m\u00e1s alto nivel, como una de las prioridades del gobierno del presidente Luis Abinader.<\/p>\n\n\n\n<p>El director de la DGII, Luis Valdez, agradeci\u00f3 a Garc\u00eda Ferm\u00edn por acoger la propuesta del \u00f3rgano recaudador, en torno al proceso de capacitaci\u00f3n e investigaci\u00f3n en el \u00e1mbito tributario, con miras a que ese conocimiento se transmita.<\/p>\n\n\n\n<p>\u201cGracias a Dios y a los esfuerzos del MESCYT, en los pr\u00f3ximos a\u00f1os tendremos que todos los pensum de las universidades en ciencias exactas y en ciencias jur\u00eddicas deber\u00e1n tener una materia tributaria dentro de su pensum\u201d, agreg\u00f3 el funcionario.<\/p>\n\n\n\n<p>\u201cEstamos plasmando en este convenio la posibilidad de seguir educando, de seguir formando a los servidores p\u00fablicos y a los funcionarios, en este caso los de Impuestos Internos, que quieren profundizar y llevar al m\u00e1ximo nivel el educativo, que es el nivel del doctorado\u201d, signific\u00f3 Arturo de las Heras.<\/p>\n\n\n\n<p>Estuvieron presentes los viceministros del MESCYT, Jos\u00e9 A. Cancel, Mar\u00eda L\u00f3pez Polanco; \u00a0el director de Gabinete, Juan F. Medina; los subdirectores de la DGII, Yorlin V\u00e1squez, Ricela Spraus y Francisco Torres; el coordinador de Gabinete, Eddy Arango; la encargada del Departamento de Educaci\u00f3n Tributaria, Luz Castro Garc\u00eda; presidente fundador del Grupo CEF-UNDIMA, la rectora del Instituto del IES-Santo Domingo, Patricia Portela; el director general; y el encargado de relaciones internacionales, Freddy Araujo, entre otros.<\/p>\n\n\n\n<p> <\/p>\n\n\n\n<figure class=\"wp-block-table\"><table><tbody><tr><td><a href=\"Fuente:\"> <\/a><strong>  Fuente: Juli\u00e1n Sosa<\/strong><\/td><\/tr><\/tbody><\/table><\/figure>\n","protected":false},"excerpt":{"rendered":"<p>diariodominicano.com Santo Domingo, R. D., 28 de julio, 2021.- El Ministerio de Educaci\u00f3n Superior, Ciencia y Tecnolog\u00eda (MESCYT), la Direcci\u00f3n General Direcci\u00f3n General de Impuestos Internos (DGII), el Centro de Estudios Financieros (CEF) y la Universidad a Distancia de Madrid (UDIMA) de Espa\u00f1a firmaron un acuerdo con el prop\u00f3sito de desarrollar el Doctorado en Derecho [&hellip;]<\/p>\n","protected":false},"author":5,"featured_media":289475,"comment_status":"closed","ping_status":"","sticky":true,"template":"","format":"standard","meta":{"footnotes":""},"categories":[21,27],"tags":[],"class_list":["post-289474","post","type-post","status-publish","format-standard","has-post-thumbnail","hentry","category-cultura","category-portada"],"_links":{"self":[{"href":"https:\/\/diariodominicano.com\/index.php?rest_route=\/wp\/v2\/posts\/289474","targetHints":{"allow":["GET"]}}],"collection":[{"href":"https:\/\/diariodominicano.com\/index.php?rest_route=\/wp\/v2\/posts"}],"about":[{"href":"https:\/\/diariodominicano.com\/index.php?rest_route=\/wp\/v2\/types\/post"}],"author":[{"embeddable":true,"href":"https:\/\/diariodominicano.com\/index.php?rest_route=\/wp\/v2\/users\/5"}],"replies":[{"embeddable":true,"href":"https:\/\/diariodominicano.com\/index.php?rest_route=%2Fwp%2Fv2%2Fcomments&post=289474"}],"version-history":[{"count":3,"href":"https:\/\/diariodominicano.com\/index.php?rest_route=\/wp\/v2\/posts\/289474\/revisions"}],"predecessor-version":[{"id":289482,"href":"https:\/\/diariodominicano.com\/index.php?rest_route=\/wp\/v2\/posts\/289474\/revisions\/289482"}],"wp:featuredmedia":[{"embeddable":true,"href":"https:\/\/diariodominicano.com\/index.php?rest_route=\/wp\/v2\/media\/289475"}],"wp:attachment":[{"href":"https:\/\/diariodominicano.com\/index.php?rest_route=%2Fwp%2Fv2%2Fmedia&parent=289474"}],"wp:term":[{"taxonomy":"category","embeddable":true,"href":"https:\/\/diariodominicano.com\/index.php?rest_route=%2Fwp%2Fv2%2Fcategories&post=289474"},{"taxonomy":"post_tag","embeddable":true,"href":"https:\/\/diariodominicano.com\/index.php?rest_route=%2Fwp%2Fv2%2Ftags&post=289474"}],"curies":[{"name":"wp","href":"https:\/\/api.w.org\/{rel}","templated":true}]}}