{"id":289465,"date":"2021-07-28T20:29:08","date_gmt":"2021-07-29T00:29:08","guid":{"rendered":"http:\/\/diariodominicano.com\/?p=289465"},"modified":"2021-07-28T20:29:08","modified_gmt":"2021-07-29T00:29:08","slug":"atienden-desplazamiento-forzado-de-personas-por-disidentes-de-farc-en-colombia","status":"publish","type":"post","link":"https:\/\/diariodominicano.com\/?p=289465","title":{"rendered":"Atienden desplazamiento forzado de personas por disidentes de FARC en Colombia"},"content":{"rendered":"\n<p>diariodominicano.com<a rel=\"noreferrer noopener\" href=\"http:\/\/home.xinhua-news.com\/gdsdetailxhs\/share\/9738805-?pageflag=iframe\" target=\"_blank\"><\/a><\/p>\n\n\n\n<pre id=\"text-news-description\" class=\"wp-block-preformatted\">   BOGOTA, 28 jul (Xinhua) -- El ministro colombiano del Interior, Daniel Palacios, viaj\u00f3 hoy mi\u00e9rcoles al municipio de Ituango, departamento de Antioquia (noroeste) para liderar las acciones frente al desplazamiento forzado de 4.099 personas ante las amenazas de las disidencias de la extinta guerrilla de las Fuerzas Armadas Revolucionarias de Colombia (FARC) y del Clan del Golfo.\n   A su llegada, el funcionario difundi\u00f3 un mensaje en el que asegur\u00f3 que el gobierno no permitir\u00e1 que grupos criminales obliguen a los colombianos a dejar sus territorios, y record\u00f3 que por orden del presidente Iv\u00e1n Duque presidir\u00e1 un consejo de seguridad en la zona.\n   \"Gobierno Nacional hace presencia en #Ituango donde han sido activados todos los sistemas de atenci\u00f3n humanitaria. Con Fuerza P\u00fablica @DefensoriaCol (Defensor\u00eda del Pueblo) @UnidadVictimas (Unidad para las V\u00edctimas) se propician condiciones de retorno seguro de familias. \u00a1Seguiremos actuando de manera contundente contra criminales!\", escribi\u00f3 Palacios en su cuenta oficial de Twitter.\n   En entrevista con medios locales Palacios asegur\u00f3 que ya se reforz\u00f3 el pie de fuerza en la regi\u00f3n para garantizar el regreso seguro de las familias de m\u00e1s de 30 veredas (subdivisiones territoriales) que fueron amenazadas de muerte si no abandonaban sus casas.\n   \"Hoy vamos claramente, con esta delegaci\u00f3n del Gobierno Nacional, a activar un plan retorno para que puedan retornar a sus hogares (...) aqu\u00ed lo que tenemos claramente es la consecuencia de un actuar criminal del GAO-r 18 (Grupo Armado Organizado-Residual 18) y de las estructuras del Clan del Golfo que operan en esta zona\", precis\u00f3.\n   \"Aqu\u00ed hemos visto un 'modus operandi' por parte de los delincuentes de pretender sembrar el miedo en la poblaci\u00f3n civil para generar el desplazamiento y as\u00ed limitar la acci\u00f3n ofensiva que adelanta nuestra fuerza p\u00fablica y concentrar sus esfuerzos delincuenciales\", agreg\u00f3.\n   Por su parte, el ministro de Defensa, Diego Molano, dijo que 250 miembros de la Fuerza P\u00fablica fueron enviados a reforzar la seguridad en Ituango, mientras que el coronel Daniel Mazo, comandante de la Polic\u00eda de Antioquia, inform\u00f3 que iniciaron las labores de inteligencia para identificar a los criminales que, seg\u00fan la comunidad, se encuentran infiltrados en los albergues temporales.\n   En tanto, la Fuerza A\u00e9rea y el Ej\u00e9rcito Nacional contin\u00faan trabajando en la entrega de ayuda humanitaria con alimentos no perecederos, medicamentos y \"kits\" de aseo en Ituango, luego de las intensas lluvias que por d\u00edas han mantenido aislada a esta regi\u00f3n. <\/pre>\n","protected":false},"excerpt":{"rendered":"<p>diariodominicano.com BOGOTA, 28 jul (Xinhua) &#8212; El ministro colombiano del Interior, Daniel Palacios, viaj\u00f3 hoy mi\u00e9rcoles al municipio de Ituango, departamento de Antioquia (noroeste) para liderar las acciones frente al desplazamiento forzado de 4.099 personas ante las amenazas de las disidencias de la extinta guerrilla de las Fuerzas Armadas Revolucionarias de Colombia (FARC) y del [&hellip;]<\/p>\n","protected":false},"author":5,"featured_media":289472,"comment_status":"closed","ping_status":"","sticky":true,"template":"","format":"standard","meta":{"footnotes":""},"categories":[23,27],"tags":[],"class_list":["post-289465","post","type-post","status-publish","format-standard","has-post-thumbnail","hentry","category-internacional","category-portada"],"_links":{"self":[{"href":"https:\/\/diariodominicano.com\/index.php?rest_route=\/wp\/v2\/posts\/289465","targetHints":{"allow":["GET"]}}],"collection":[{"href":"https:\/\/diariodominicano.com\/index.php?rest_route=\/wp\/v2\/posts"}],"about":[{"href":"https:\/\/diariodominicano.com\/index.php?rest_route=\/wp\/v2\/types\/post"}],"author":[{"embeddable":true,"href":"https:\/\/diariodominicano.com\/index.php?rest_route=\/wp\/v2\/users\/5"}],"replies":[{"embeddable":true,"href":"https:\/\/diariodominicano.com\/index.php?rest_route=%2Fwp%2Fv2%2Fcomments&post=289465"}],"version-history":[{"count":1,"href":"https:\/\/diariodominicano.com\/index.php?rest_route=\/wp\/v2\/posts\/289465\/revisions"}],"predecessor-version":[{"id":289473,"href":"https:\/\/diariodominicano.com\/index.php?rest_route=\/wp\/v2\/posts\/289465\/revisions\/289473"}],"wp:featuredmedia":[{"embeddable":true,"href":"https:\/\/diariodominicano.com\/index.php?rest_route=\/wp\/v2\/media\/289472"}],"wp:attachment":[{"href":"https:\/\/diariodominicano.com\/index.php?rest_route=%2Fwp%2Fv2%2Fmedia&parent=289465"}],"wp:term":[{"taxonomy":"category","embeddable":true,"href":"https:\/\/diariodominicano.com\/index.php?rest_route=%2Fwp%2Fv2%2Fcategories&post=289465"},{"taxonomy":"post_tag","embeddable":true,"href":"https:\/\/diariodominicano.com\/index.php?rest_route=%2Fwp%2Fv2%2Ftags&post=289465"}],"curies":[{"name":"wp","href":"https:\/\/api.w.org\/{rel}","templated":true}]}}