{"id":289452,"date":"2021-07-28T19:41:54","date_gmt":"2021-07-28T23:41:54","guid":{"rendered":"http:\/\/diariodominicano.com\/?p=289452"},"modified":"2021-07-28T20:27:56","modified_gmt":"2021-07-29T00:27:56","slug":"ulises-rodriguez-expresa-que-la-muerte-de-johnny-ventura-es-una-perdida-irreparable-para-la-dominicanidad","status":"publish","type":"post","link":"https:\/\/diariodominicano.com\/?p=289452","title":{"rendered":"Ulises Rodr\u00edguez expresa que la muerte de Johnny Ventura es una p\u00e9rdida irreparable para la dominicanidad"},"content":{"rendered":"\n<p><strong><em>Revel\u00f3 que el popular artista lo hab\u00eda visitado varias veces para presentarle emprendimientos que le interesaba desarrollar a trav\u00e9s de Proindustria.<\/em><\/strong><\/p>\n\n\n\n<p>Santo Domingo, 28 de julio 2021.- El director del Centro de Desarrollo y Competitividad Industrial (Proindustria), Ulises Rodr\u00edguez, manifest\u00f3 que le sorprendi\u00f3 la muerte s\u00fabdita del artista Johnny Ventura, porque varias veces \u00e9ste lo visit\u00f3 a su despacho para presentarle emprendimientos empresariales que ten\u00eda en carpeta.<\/p>\n\n\n\n<p>\u201cLo lamentamos mucho, su muerte nos toma por sorpresa, y sobre todo a mi particularmente, ya que lo estuve viendo de cerca en los \u00faltimos tiempos.&nbsp; Convers\u00e9 con \u00e9l en m\u00faltiples ocasiones y le recib\u00ed aqu\u00ed en la instituci\u00f3n para conocer sus planes y proyectos\u201d, narr\u00f3 Rodr\u00edguez.<\/p>\n\n\n\n<div class=\"wp-block-jetpack-slideshow aligncenter\" data-effect=\"slide\"><div class=\"wp-block-jetpack-slideshow_container swiper-container\"><ul class=\"wp-block-jetpack-slideshow_swiper-wrapper swiper-wrapper\"><li class=\"wp-block-jetpack-slideshow_slide swiper-slide\"><figure><img decoding=\"async\" alt=\"\" class=\"wp-block-jetpack-slideshow_image wp-image-289462\" data-id=\"289462\" src=\"https:\/\/diariodominicano.com\/wp-content\/uploads\/2021\/07\/Johnny-Ventura-y-Ulises-Rodriguez.jpg\"\/><figcaption class=\"wp-block-jetpack-slideshow_caption gallery-caption\">Johnny Ventura y Ulises Rodr\u00edguez<\/figcaption><\/figure><\/li><li class=\"wp-block-jetpack-slideshow_slide swiper-slide\"><figure><img loading=\"lazy\" decoding=\"async\" width=\"1178\" height=\"673\" alt=\"\" class=\"wp-block-jetpack-slideshow_image wp-image-289454\" data-id=\"289454\" src=\"https:\/\/diariodominicano.com\/wp-content\/uploads\/2021\/07\/image-63.png\" srcset=\"https:\/\/diariodominicano.com\/wp-content\/uploads\/2021\/07\/image-63.png 1178w, https:\/\/diariodominicano.com\/wp-content\/uploads\/2021\/07\/image-63-300x171.png 300w, https:\/\/diariodominicano.com\/wp-content\/uploads\/2021\/07\/image-63-1024x585.png 1024w, https:\/\/diariodominicano.com\/wp-content\/uploads\/2021\/07\/image-63-768x439.png 768w, https:\/\/diariodominicano.com\/wp-content\/uploads\/2021\/07\/image-63-816x466.png 816w\" sizes=\"auto, (max-width: 1178px) 100vw, 1178px\" \/><figcaption class=\"wp-block-jetpack-slideshow_caption gallery-caption\">Johnny Ventura y Ulises Rodr\u00edguez en una de las visitas recientes del artista a Proindustria <\/figcaption><\/figure><\/li><\/ul><a class=\"wp-block-jetpack-slideshow_button-prev swiper-button-prev swiper-button-white\" role=\"button\"><\/a><a class=\"wp-block-jetpack-slideshow_button-next swiper-button-next swiper-button-white\" role=\"button\"><\/a><a aria-label=\"Pause Slideshow\" class=\"wp-block-jetpack-slideshow_button-pause\" role=\"button\"><\/a><div class=\"wp-block-jetpack-slideshow_pagination swiper-pagination swiper-pagination-white\"><\/div><\/div><\/div>\n\n\n\n<p>Agreg\u00f3 que a pesar de sus 81 a\u00f1os de edad, Johnny Ventura estaba iniciando nuevos proyectos, lleno de entusiasmo, como si fuera un joven emprendedor.<\/p>\n\n\n\n<p>Rodr\u00edguez destac\u00f3 la energ\u00eda y el entusiasmo del artista y a\u00f1adi\u00f3: \u201c\u00c9l estaba como si estuviera reinici\u00e1ndose en los primeros a\u00f1os de su vida\u201d.<\/p>\n\n\n\n<p>En sus declaraciones, Rodr\u00edguez expres\u00f3 que Johnny Ventura fue una figura emblem\u00e1tica del merengue, querido y popular en nuestro pueblo.<\/p>\n\n\n\n<p>\u201cLamentamos su muerte y es una p\u00e9rdida irreparable para la dominicanidad\u201d, dijo el director de Proindustria en declaraciones remitidas a los medios.<\/p>\n\n\n\n<p>\u201cJohnny Ventura era puro merengue, fue la viva&nbsp; expresi\u00f3n de nuestra m\u00fasica, verlo en la tarima y fuera de ella era pura alegr\u00eda\u201d manifest\u00f3.<\/p>\n\n\n\n<p>El caballo mayor, como era apodado por sus admiradores, falleci\u00f3 de un infarto fulminante el mi\u00e9rcoles 28 de julio del 2021, mientras almorzaba en un restaurante en la ciudad de Santiago de los Caballeros.<\/p>\n\n\n\n<p>Exhort\u00f3 al pueblo dominicano a despedir al artista con los honores que merece, por lo que signific\u00f3 para nuestra m\u00fasica.<\/p>\n\n\n\n<p>\u201cPero adem\u00e1s, y a pesar de su popularidad, Ventura no fue indiferente a los problemas sociales y pol\u00edticos de nuestro pa\u00eds y fue muy frecuente verlo involucrado en las luchas sociales y pol\u00edticas que libraba nuestro pueblo\u201d, expres\u00f3.<\/p>\n\n\n\n<p>Por esas luchas lleg\u00f3 a ser diputado de la Rep\u00fablica y alcalde del Distrito Nacional. Tambi\u00e9n mantuvo una voluntad de superaci\u00f3n incre\u00edble, llegando a graduarse de licenciado en Derecho en la Universidad de la Tercera Edad UTE.<\/p>\n\n\n\n<p>Departamento de Comunicaci\u00f3n de Proindustria <\/p>\n","protected":false},"excerpt":{"rendered":"<p>Revel\u00f3 que el popular artista lo hab\u00eda visitado varias veces para presentarle emprendimientos que le interesaba desarrollar a trav\u00e9s de Proindustria. Santo Domingo, 28 de julio 2021.- El director del Centro de Desarrollo y Competitividad Industrial (Proindustria), Ulises Rodr\u00edguez, manifest\u00f3 que le sorprendi\u00f3 la muerte s\u00fabdita del artista Johnny Ventura, porque varias veces \u00e9ste lo [&hellip;]<\/p>\n","protected":false},"author":7,"featured_media":289454,"comment_status":"closed","ping_status":"","sticky":true,"template":"","format":"standard","meta":{"footnotes":""},"categories":[20,27],"tags":[],"class_list":["post-289452","post","type-post","status-publish","format-standard","has-post-thumbnail","hentry","category-dominicana-hoy","category-portada"],"_links":{"self":[{"href":"https:\/\/diariodominicano.com\/index.php?rest_route=\/wp\/v2\/posts\/289452","targetHints":{"allow":["GET"]}}],"collection":[{"href":"https:\/\/diariodominicano.com\/index.php?rest_route=\/wp\/v2\/posts"}],"about":[{"href":"https:\/\/diariodominicano.com\/index.php?rest_route=\/wp\/v2\/types\/post"}],"author":[{"embeddable":true,"href":"https:\/\/diariodominicano.com\/index.php?rest_route=\/wp\/v2\/users\/7"}],"replies":[{"embeddable":true,"href":"https:\/\/diariodominicano.com\/index.php?rest_route=%2Fwp%2Fv2%2Fcomments&post=289452"}],"version-history":[{"count":4,"href":"https:\/\/diariodominicano.com\/index.php?rest_route=\/wp\/v2\/posts\/289452\/revisions"}],"predecessor-version":[{"id":289471,"href":"https:\/\/diariodominicano.com\/index.php?rest_route=\/wp\/v2\/posts\/289452\/revisions\/289471"}],"wp:featuredmedia":[{"embeddable":true,"href":"https:\/\/diariodominicano.com\/index.php?rest_route=\/wp\/v2\/media\/289454"}],"wp:attachment":[{"href":"https:\/\/diariodominicano.com\/index.php?rest_route=%2Fwp%2Fv2%2Fmedia&parent=289452"}],"wp:term":[{"taxonomy":"category","embeddable":true,"href":"https:\/\/diariodominicano.com\/index.php?rest_route=%2Fwp%2Fv2%2Fcategories&post=289452"},{"taxonomy":"post_tag","embeddable":true,"href":"https:\/\/diariodominicano.com\/index.php?rest_route=%2Fwp%2Fv2%2Ftags&post=289452"}],"curies":[{"name":"wp","href":"https:\/\/api.w.org\/{rel}","templated":true}]}}