{"id":289450,"date":"2021-07-28T18:43:34","date_gmt":"2021-07-28T22:43:34","guid":{"rendered":"http:\/\/diariodominicano.com\/?p=289450"},"modified":"2021-07-28T18:44:22","modified_gmt":"2021-07-28T22:44:22","slug":"funiber-en-la-romana","status":"publish","type":"post","link":"https:\/\/diariodominicano.com\/?p=289450","title":{"rendered":"Funiber en La Romana"},"content":{"rendered":"\n<p>Nelson Encarnaci\u00f3n <\/p>\n\n\n\n<p>(El Caribe) El pasado mes de junio tuvimos la grat\u00edsima experiencia de visitar la Universidad Europea del Atl\u00e1ntico, en Santander, Espa\u00f1a, y pernoctar en sus instalaciones durante cuatro d\u00edas que resultaron de incuestionable utilidad para conocer algunos de sus muy diversos programas. <\/p>\n\n\n\n<p><br>Esa estancia nos permiti\u00f3 edificarnos sobre los procesos de ense\u00f1anza que desarrolla esa academia, lo mismo que saber de los proyectos de investigaci\u00f3n cient\u00edfica, que son de los m\u00e1s importantes no s\u00f3lo de la regi\u00f3n cant\u00e1brica, sino de toda Espa\u00f1a. <\/p>\n\n\n\n<p><br>Junto a los colegas Menoscal Reynoso y Domingo G\u00f3mez, adem\u00e1s de circular el m\u00e1s reciente n\u00famero de Pa\u00eds Dominicano Tem\u00e1tico, mantuvimos fruct\u00edferos intercambios con autoridades, acad\u00e9micos y estudiantes que nos dejaron una grata recordaci\u00f3n.<\/p>\n\n\n\n<p>La Europea del Atl\u00e1ntico es una de varias academias que Fundaci\u00f3n Universitaria Iberoamericana (Funiber) tiene diseminadas en varias partes del mundo, enfocadas en una oferta curricular proyectada hacia el desarrollo y las necesidades actuales.<\/p>\n\n\n\n<p>En ese sentido, Funiber tiene planeada la instalaci\u00f3n de una universidad de clase mundial en la ciudad de La Romana, un proyecto que no ha arrancado debido a cuestiones log\u00edsticas que deben ser resueltas oportunamente.<\/p>\n\n\n\n<p>La oferta acad\u00e9mica de la nueva entidad educativa estar\u00e1 dirigida a las necesidades de la regi\u00f3n este de la Rep\u00fablica Dominicana, lo que significa que el profesional que egrese estar\u00eda acorde a sus expectativas de formaci\u00f3n.<\/p>\n\n\n\n<p>Por ejemplo, una de las ofertas acad\u00e9micas que m\u00e1s llamaron mi atenci\u00f3n durante la visita a la Europea del Atl\u00e1ntico es la referente al desarrollo de tecnolog\u00eda de alimentos.<\/p>\n\n\n\n<p>Tengo entendido que en la academia a instalarse en La Romana se enfocar\u00e1n en la formaci\u00f3n de recursos en un \u00e1rea como esta que resulta muy importante en una zona con un turismo tan intensivo, tanto nacional como extranjero.<\/p>\n\n\n\n<p>Es decir, que atender la formaci\u00f3n de recursos en tecnolog\u00edas de alimentos ser\u00e1 un aporte importante para el fortalecimiento de una industria que demanda calidad y eficiencia.<\/p>\n\n\n\n<p>Otro programa cuya din\u00e1mica despert\u00f3 nuestro inter\u00e9s es la formaci\u00f3n en la ciencia de la actividad f\u00edsica y el deporte.<\/p>\n\n\n\n<p>Alguien podr\u00eda reaccionar preguntando si es necesario estudiar una carrera universitaria para ser entrenador de alg\u00fan deporte, pues se asume que esta es una actividad f\u00edsica no cient\u00edfica.<\/p>\n\n\n\n<p>Sin embargo, no es as\u00ed. Conocer el cuerpo humano no es una tarea solo de los m\u00e9dicos, sino que es relevante para un entrenador tener el mejor resultado de cara a cuidar a un atleta.<\/p>\n\n\n\n<p>He querido resaltar, groso modo, algunas de las carreras que llamaron la atenci\u00f3n durante aquella enriquecedora experiencia, y tambi\u00e9n para enfatizar sobre la relevancia que las mismas tendr\u00e1n como parte del campus cuya instalaci\u00f3n se tiene ideada para La Romana.<\/p>\n","protected":false},"excerpt":{"rendered":"<p>Nelson Encarnaci\u00f3n (El Caribe) El pasado mes de junio tuvimos la grat\u00edsima experiencia de visitar la Universidad Europea del Atl\u00e1ntico, en Santander, Espa\u00f1a, y pernoctar en sus instalaciones durante cuatro d\u00edas que resultaron de incuestionable utilidad para conocer algunos de sus muy diversos programas. Esa estancia nos permiti\u00f3 edificarnos sobre los procesos de ense\u00f1anza que [&hellip;]<\/p>\n","protected":false},"author":7,"featured_media":285430,"comment_status":"closed","ping_status":"","sticky":true,"template":"","format":"standard","meta":{"footnotes":""},"categories":[19,27],"tags":[],"class_list":["post-289450","post","type-post","status-publish","format-standard","has-post-thumbnail","hentry","category-mi-voz","category-portada"],"_links":{"self":[{"href":"https:\/\/diariodominicano.com\/index.php?rest_route=\/wp\/v2\/posts\/289450","targetHints":{"allow":["GET"]}}],"collection":[{"href":"https:\/\/diariodominicano.com\/index.php?rest_route=\/wp\/v2\/posts"}],"about":[{"href":"https:\/\/diariodominicano.com\/index.php?rest_route=\/wp\/v2\/types\/post"}],"author":[{"embeddable":true,"href":"https:\/\/diariodominicano.com\/index.php?rest_route=\/wp\/v2\/users\/7"}],"replies":[{"embeddable":true,"href":"https:\/\/diariodominicano.com\/index.php?rest_route=%2Fwp%2Fv2%2Fcomments&post=289450"}],"version-history":[{"count":1,"href":"https:\/\/diariodominicano.com\/index.php?rest_route=\/wp\/v2\/posts\/289450\/revisions"}],"predecessor-version":[{"id":289451,"href":"https:\/\/diariodominicano.com\/index.php?rest_route=\/wp\/v2\/posts\/289450\/revisions\/289451"}],"wp:featuredmedia":[{"embeddable":true,"href":"https:\/\/diariodominicano.com\/index.php?rest_route=\/wp\/v2\/media\/285430"}],"wp:attachment":[{"href":"https:\/\/diariodominicano.com\/index.php?rest_route=%2Fwp%2Fv2%2Fmedia&parent=289450"}],"wp:term":[{"taxonomy":"category","embeddable":true,"href":"https:\/\/diariodominicano.com\/index.php?rest_route=%2Fwp%2Fv2%2Fcategories&post=289450"},{"taxonomy":"post_tag","embeddable":true,"href":"https:\/\/diariodominicano.com\/index.php?rest_route=%2Fwp%2Fv2%2Ftags&post=289450"}],"curies":[{"name":"wp","href":"https:\/\/api.w.org\/{rel}","templated":true}]}}