{"id":289446,"date":"2021-07-28T18:37:17","date_gmt":"2021-07-28T22:37:17","guid":{"rendered":"http:\/\/diariodominicano.com\/?p=289446"},"modified":"2021-07-28T18:39:21","modified_gmt":"2021-07-28T22:39:21","slug":"ministerio-de-la-mujer-presento-propuestas-ante-senado-sobre-proyecto-de-reforma-al-codigo-penal","status":"publish","type":"post","link":"https:\/\/diariodominicano.com\/?p=289446","title":{"rendered":"Ministerio de la Mujer present\u00f3 propuestas ante Senado sobre proyecto de reforma al C\u00f3digo Penal\u00a0"},"content":{"rendered":"\n<p><strong>Santo Domingo.<\/strong> El Ministerio de la Mujer present\u00f3 ante la Comisi\u00f3n Especial del Senado de la Rep\u00fablica que estudia el proyecto del C\u00f3digo Penal Dominicano su posici\u00f3n respecto a los temas relacionados con la violencia feminicida y el acoso callejero como tipo penal.&nbsp;<\/p>\n\n\n\n<p>Las observaciones del Ministerio tambi\u00e9n plantean lo relativo a la no discriminaci\u00f3n, el derecho a la dignidad humana y a la integridad personal, a las que toda persona tiene derecho y por tanto deben ser garantizadas.&nbsp;<\/p>\n\n\n\n<p>En su visita al Senado de la Rep\u00fablica, la viceministra de Atenci\u00f3n a la Violencia de G\u00e9nero e Intrafamiliar, Daris S\u00e1nchez, reiter\u00f3 que la instituci\u00f3n mantiene su postura a favor de las tres causales como eximentes de responsabilidad penal de la interrupci\u00f3n del embarazo cuando la vida de la mujer est\u00e1 en peligro, en caso de violaci\u00f3n e incesto y cuando el embarazo es inviable.<\/p>\n\n\n\n<p>\u201cEl Ministerio de la Mujer reitera su compromiso de seguir promoviendo una reforma del C\u00f3digo Penal integral apegada a los derechos humanos de las mujeres y que recoja las mejores pr\u00e1cticas, en el \u00e1mbito internacional, en esta materia\u201d, se\u00f1al\u00f3 la funcionaria.<\/p>\n\n\n\n<p>Mientras que la encargada de Agenda Legislativa del Ministerio de la Mujer, Melina Zaiz, inform\u00f3 que al monitorear los avances que se han obtenido del proyecto del C\u00f3digo Penal, la instituci\u00f3n present\u00f3 sus observaciones sobre la pieza aprobada en la C\u00e1mara de Diputados y Diputadas, y que ahora se estudia en la Comisi\u00f3n Especial del Senado de la Rep\u00fablica.&nbsp;&nbsp;<\/p>\n\n\n\n<p>De igual manera agreg\u00f3, que para que la reforma&nbsp; del C\u00f3digo Penal sea integral tendr\u00eda que incluir la expresi\u00f3n de las necesidades y los derechos humanos de las mujeres que garantice y proteja su vida, salud, autonom\u00eda y dignidad, independientemente de su origen \u00e9tnico, racial, creencias religiosas, orientaci\u00f3n sexual, as\u00ed como cualquier otro elemento que materialice la discriminaci\u00f3n y la violencia contra las mujeres, adolescentes y ni\u00f1as.&nbsp;<\/p>\n\n\n\n<p>La viceminsitra Daris S\u00e1nchez, inst\u00f3 a legisladoras&nbsp; y legisladores a observar las cifras de violencia contra las mujeres, adolescentes y ni\u00f1as como uno de los retos de mayor desaf\u00edo, en cuanto a Derechos Humanos, que tiene actualmente el Estado dominicano.<\/p>\n\n\n\n<p>La comisi\u00f3n agradeci\u00f3 que muchas de las propuestas presentadas por el Ministerio de la Mujer fueron acogidas en la C\u00e1mara de Diputadas y Diputados, entre ellas la inclusi\u00f3n de la violencia feminicida, especialmente el feminicidio conexo, es decir, cuando una mujer es asesinada dentro del escenario del hecho; el acoso que se agrava en el espacio laboral y educativo y el acoso callejero que se agrava si es contra una menor. La instituci\u00f3n espera que el Senado de la Rep\u00fablica pueda fortalecer la reforma penal en discusi\u00f3n, incluyendo tambi\u00e9n las observaciones se\u00f1aladas por ser necesarias, pertinentes y ajustadas a un Estado democr\u00e1tico y de derechos.<\/p>\n\n\n\n<p>Direcci\u00f3n de Comunicaciones\u00a0 \u00a0\u00a0del Ministerio de la Mujer <\/p>\n","protected":false},"excerpt":{"rendered":"<p>Santo Domingo. El Ministerio de la Mujer present\u00f3 ante la Comisi\u00f3n Especial del Senado de la Rep\u00fablica que estudia el proyecto del C\u00f3digo Penal Dominicano su posici\u00f3n respecto a los temas relacionados con la violencia feminicida y el acoso callejero como tipo penal.&nbsp; Las observaciones del Ministerio tambi\u00e9n plantean lo relativo a la no discriminaci\u00f3n, [&hellip;]<\/p>\n","protected":false},"author":7,"featured_media":289447,"comment_status":"closed","ping_status":"","sticky":true,"template":"","format":"standard","meta":{"footnotes":""},"categories":[24,27],"tags":[],"class_list":["post-289446","post","type-post","status-publish","format-standard","has-post-thumbnail","hentry","category-justicia-y-derecho","category-portada"],"_links":{"self":[{"href":"https:\/\/diariodominicano.com\/index.php?rest_route=\/wp\/v2\/posts\/289446","targetHints":{"allow":["GET"]}}],"collection":[{"href":"https:\/\/diariodominicano.com\/index.php?rest_route=\/wp\/v2\/posts"}],"about":[{"href":"https:\/\/diariodominicano.com\/index.php?rest_route=\/wp\/v2\/types\/post"}],"author":[{"embeddable":true,"href":"https:\/\/diariodominicano.com\/index.php?rest_route=\/wp\/v2\/users\/7"}],"replies":[{"embeddable":true,"href":"https:\/\/diariodominicano.com\/index.php?rest_route=%2Fwp%2Fv2%2Fcomments&post=289446"}],"version-history":[{"count":2,"href":"https:\/\/diariodominicano.com\/index.php?rest_route=\/wp\/v2\/posts\/289446\/revisions"}],"predecessor-version":[{"id":289449,"href":"https:\/\/diariodominicano.com\/index.php?rest_route=\/wp\/v2\/posts\/289446\/revisions\/289449"}],"wp:featuredmedia":[{"embeddable":true,"href":"https:\/\/diariodominicano.com\/index.php?rest_route=\/wp\/v2\/media\/289447"}],"wp:attachment":[{"href":"https:\/\/diariodominicano.com\/index.php?rest_route=%2Fwp%2Fv2%2Fmedia&parent=289446"}],"wp:term":[{"taxonomy":"category","embeddable":true,"href":"https:\/\/diariodominicano.com\/index.php?rest_route=%2Fwp%2Fv2%2Fcategories&post=289446"},{"taxonomy":"post_tag","embeddable":true,"href":"https:\/\/diariodominicano.com\/index.php?rest_route=%2Fwp%2Fv2%2Ftags&post=289446"}],"curies":[{"name":"wp","href":"https:\/\/api.w.org\/{rel}","templated":true}]}}