{"id":289433,"date":"2021-07-28T15:21:32","date_gmt":"2021-07-28T19:21:32","guid":{"rendered":"http:\/\/diariodominicano.com\/?p=289433"},"modified":"2021-07-28T15:24:49","modified_gmt":"2021-07-28T19:24:49","slug":"el-pais-recibe-lote-de-136890-dosis-de-vacunas-pfizer","status":"publish","type":"post","link":"https:\/\/diariodominicano.com\/?p=289433","title":{"rendered":"El pa\u00eds recibe lote de 136,890 dosis de vacunas Pfizer"},"content":{"rendered":"\n<p>diariodominicano.com<\/p>\n\n\n\n<p>Santo Domingo, R. D.,  28 de julio, 2021.-  Rep\u00fablica Dominicana recibi\u00f3 este mi\u00e9rcoles 136,890 dosis de vacunas producidas por los laboratorios de Pfizer-BioNTech, para el reforzamiento del Plan Nacional y la Jornada Permanente de Vacunaci\u00f3n.<\/p>\n\n\n\n<p>El anuncio fue hecho por la vicepresidenta de la Rep\u00fablica, Raquel Pe\u00f1a, a trav\u00e9s de sus redes sociales, quien destac\u00f3 que el gobierno continuar\u00e1 realizando los esfuerzos necesarios hasta lograr que todos los dominicanos sean inoculados con sus dosis correspondientes.<\/p>\n\n\n\n<p>\u201cHoy recibimos 136,890 dosis de vacunas para continuar fortaleciendo el Plan Nacional de Vacunaci\u00f3n. Somos referente para los pa\u00edses de la regi\u00f3n y seguiremos trabajando hasta que todos estemos vacunados\u00bb, manifest\u00f3 la vicemandataria.<\/p>\n\n\n\n<p>El lote de las vacunas arrib\u00f3 al pa\u00eds a trav\u00e9s de la aerol\u00ednea Kalitta Air por el Aeropuerto Internacional de las Am\u00e9ricas, Dr. Jos\u00e9 Francisco Pe\u00f1a G\u00f3mez a las 2:00 de la tarde y luego trasladadas a la sede del Programa Ampliado de Inmunizaci\u00f3n (PAI), dando seguimiento a los protocolos establecidos y cumpliendo con la cadena de frio.<\/p>\n\n\n\n<p>M\u00e1s temprano, la funcionaria dio a conocer mediante el reporte de vacunaci\u00f3n contra el Covid-19 el porcentaje de personas vacunadas en sus primeras y segunda dosis, donde se destaca la provincia de La Altagracia con un 78% de la segunda dosis aplicadas, seguidas de Espaillat, Puerto Plata, Independencia, San Pedro de Macor\u00eds y el Gran Santo Domingo con un 59.6, 55.3, 55.2, 54.1 y 53.7 por ciento, respectivamente.<\/p>\n\n\n\n<p>Fuente: Direcci\u00f3n de Prensa<\/p>\n\n\n\n<p>Presidencia de la Republica Dominicana<\/p>\n","protected":false},"excerpt":{"rendered":"<p>diariodominicano.com Santo Domingo, R. D., 28 de julio, 2021.- Rep\u00fablica Dominicana recibi\u00f3 este mi\u00e9rcoles 136,890 dosis de vacunas producidas por los laboratorios de Pfizer-BioNTech, para el reforzamiento del Plan Nacional y la Jornada Permanente de Vacunaci\u00f3n. El anuncio fue hecho por la vicepresidenta de la Rep\u00fablica, Raquel Pe\u00f1a, a trav\u00e9s de sus redes sociales, quien [&hellip;]<\/p>\n","protected":false},"author":5,"featured_media":289434,"comment_status":"closed","ping_status":"","sticky":true,"template":"","format":"standard","meta":{"footnotes":""},"categories":[20,27],"tags":[],"class_list":["post-289433","post","type-post","status-publish","format-standard","has-post-thumbnail","hentry","category-dominicana-hoy","category-portada"],"_links":{"self":[{"href":"https:\/\/diariodominicano.com\/index.php?rest_route=\/wp\/v2\/posts\/289433","targetHints":{"allow":["GET"]}}],"collection":[{"href":"https:\/\/diariodominicano.com\/index.php?rest_route=\/wp\/v2\/posts"}],"about":[{"href":"https:\/\/diariodominicano.com\/index.php?rest_route=\/wp\/v2\/types\/post"}],"author":[{"embeddable":true,"href":"https:\/\/diariodominicano.com\/index.php?rest_route=\/wp\/v2\/users\/5"}],"replies":[{"embeddable":true,"href":"https:\/\/diariodominicano.com\/index.php?rest_route=%2Fwp%2Fv2%2Fcomments&post=289433"}],"version-history":[{"count":3,"href":"https:\/\/diariodominicano.com\/index.php?rest_route=\/wp\/v2\/posts\/289433\/revisions"}],"predecessor-version":[{"id":289437,"href":"https:\/\/diariodominicano.com\/index.php?rest_route=\/wp\/v2\/posts\/289433\/revisions\/289437"}],"wp:featuredmedia":[{"embeddable":true,"href":"https:\/\/diariodominicano.com\/index.php?rest_route=\/wp\/v2\/media\/289434"}],"wp:attachment":[{"href":"https:\/\/diariodominicano.com\/index.php?rest_route=%2Fwp%2Fv2%2Fmedia&parent=289433"}],"wp:term":[{"taxonomy":"category","embeddable":true,"href":"https:\/\/diariodominicano.com\/index.php?rest_route=%2Fwp%2Fv2%2Fcategories&post=289433"},{"taxonomy":"post_tag","embeddable":true,"href":"https:\/\/diariodominicano.com\/index.php?rest_route=%2Fwp%2Fv2%2Ftags&post=289433"}],"curies":[{"name":"wp","href":"https:\/\/api.w.org\/{rel}","templated":true}]}}