{"id":289430,"date":"2021-07-28T15:12:51","date_gmt":"2021-07-28T19:12:51","guid":{"rendered":"http:\/\/diariodominicano.com\/?p=289430"},"modified":"2021-07-28T15:12:51","modified_gmt":"2021-07-28T19:12:51","slug":"pedro-castillo-jura-como-nuevo-presidente-de-peru","status":"publish","type":"post","link":"https:\/\/diariodominicano.com\/?p=289430","title":{"rendered":"Pedro Castillo jura como nuevo presidente de Per\u00fa"},"content":{"rendered":"\n<p>diariodominicano.com<\/p>\n\n\n\n<pre id=\"text-news-description\" class=\"wp-block-preformatted\"> LIMA, 28 jul (Xinhua) -- Pedro Castillo jur\u00f3 hoy mi\u00e9rcoles como presidente de Per\u00fa, durante una ceremonia en el hemiciclo del Congreso de la Rep\u00fablica, en el centro de Lima.\n   \"Juro por Dios, por mi familia, por mis hermanas y hermanos peruanos, campesinos, pueblos originarios, ronderos, pescadores, docentes, profesionales, ni\u00f1os, j\u00f3venes y mujeres, que ejercer\u00e9 el cargo de presidente de la Rep\u00fablica en el per\u00edodo constitucional 2021-2026\", expres\u00f3 Castillo.\n   \"Por los pueblos del Per\u00fa, por un pa\u00eds sin corrupci\u00f3n y por una nueva Constituci\u00f3n\", jur\u00f3 Castillo con su mano derecha sobre la biblia y la izquierda levantada.\n   Tras el inicio de la ceremonia, ofreci\u00f3 tambi\u00e9n juramento Dina Boluarte al cargo de vicepresidenta para acompa\u00f1ar al mandatario en el nuevo quinquenio presidencial.<\/pre>\n","protected":false},"excerpt":{"rendered":"<p>diariodominicano.com LIMA, 28 jul (Xinhua) &#8212; Pedro Castillo jur\u00f3 hoy mi\u00e9rcoles como presidente de Per\u00fa, durante una ceremonia en el hemiciclo del Congreso de la Rep\u00fablica, en el centro de Lima. \u00abJuro por Dios, por mi familia, por mis hermanas y hermanos peruanos, campesinos, pueblos originarios, ronderos, pescadores, docentes, profesionales, ni\u00f1os, j\u00f3venes y mujeres, que [&hellip;]<\/p>\n","protected":false},"author":5,"featured_media":289431,"comment_status":"closed","ping_status":"","sticky":true,"template":"","format":"standard","meta":{"footnotes":""},"categories":[23,27],"tags":[],"class_list":["post-289430","post","type-post","status-publish","format-standard","has-post-thumbnail","hentry","category-internacional","category-portada"],"_links":{"self":[{"href":"https:\/\/diariodominicano.com\/index.php?rest_route=\/wp\/v2\/posts\/289430","targetHints":{"allow":["GET"]}}],"collection":[{"href":"https:\/\/diariodominicano.com\/index.php?rest_route=\/wp\/v2\/posts"}],"about":[{"href":"https:\/\/diariodominicano.com\/index.php?rest_route=\/wp\/v2\/types\/post"}],"author":[{"embeddable":true,"href":"https:\/\/diariodominicano.com\/index.php?rest_route=\/wp\/v2\/users\/5"}],"replies":[{"embeddable":true,"href":"https:\/\/diariodominicano.com\/index.php?rest_route=%2Fwp%2Fv2%2Fcomments&post=289430"}],"version-history":[{"count":1,"href":"https:\/\/diariodominicano.com\/index.php?rest_route=\/wp\/v2\/posts\/289430\/revisions"}],"predecessor-version":[{"id":289432,"href":"https:\/\/diariodominicano.com\/index.php?rest_route=\/wp\/v2\/posts\/289430\/revisions\/289432"}],"wp:featuredmedia":[{"embeddable":true,"href":"https:\/\/diariodominicano.com\/index.php?rest_route=\/wp\/v2\/media\/289431"}],"wp:attachment":[{"href":"https:\/\/diariodominicano.com\/index.php?rest_route=%2Fwp%2Fv2%2Fmedia&parent=289430"}],"wp:term":[{"taxonomy":"category","embeddable":true,"href":"https:\/\/diariodominicano.com\/index.php?rest_route=%2Fwp%2Fv2%2Fcategories&post=289430"},{"taxonomy":"post_tag","embeddable":true,"href":"https:\/\/diariodominicano.com\/index.php?rest_route=%2Fwp%2Fv2%2Ftags&post=289430"}],"curies":[{"name":"wp","href":"https:\/\/api.w.org\/{rel}","templated":true}]}}