{"id":289427,"date":"2021-07-28T15:06:15","date_gmt":"2021-07-28T19:06:15","guid":{"rendered":"http:\/\/diariodominicano.com\/?p=289427"},"modified":"2021-07-28T15:06:15","modified_gmt":"2021-07-28T19:06:15","slug":"alejandrina-german-en-el-inicio-de-la-socializacion-del-programa-motiva-actualizar-formacion-politica","status":"publish","type":"post","link":"https:\/\/diariodominicano.com\/?p=289427","title":{"rendered":"Alejandrina Germ\u00e1n\u00a0en el inicio de la \u00a0socializaci\u00f3n del programa,  motiva actualizar formaci\u00f3n pol\u00edtica"},"content":{"rendered":"\n<p>diariodominicano.com<\/p>\n\n\n\n<p>Santo Domingo, R. D.,  28 de julio, 2021.-  En un mundo cambiante a cada instante, en una sociedad muy compleja, se impone en el Partido de la Liberaci\u00f3n Dominicana el predominio de la \u00a0\u00a0unidad partidaria inspirada en los ideales progresistas del fundador y l\u00edder hist\u00f3rico del PLD, \u00a0Profesor Juan Bosch.<\/p>\n\n\n\n<p>La opini\u00f3n es de&nbsp;<strong>Alejandrina German, titular de la Secretar\u00eda de Formaci\u00f3n Pol\u00edtica pelede\u00edsta&nbsp;<\/strong>en las palabras de motivaci\u00f3n y formal presentaci\u00f3n del programa de Formaci\u00f3n Pol\u00edtica, aprobado en el reci\u00e9n celebrado IX Congreso Ordinario Jos\u00e9 Joaqu\u00edn Bid\u00f3 Medina.<\/p>\n\n\n\n<p>Con una nutrida representaci\u00f3n de miembros del Comit\u00e9 Pol\u00edtico, Comit\u00e9 Central y dirigentes de la Circunscripci\u00f3n Electoral n\u00famero Uno del Distrito Nacional se desarroll\u00f3 la actividad, la cual se complet\u00f3 con la conferencia \u201cC\u00f3mo comprender la pol\u00edtica en el Siglo 21\u201d dictada por Luis Garc\u00eda, miembro del Comit\u00e9 Central.<\/p>\n\n\n\n<p>\u201cEstamos en una sociedad muy compleja donde los cambios que han ocurrido en la pol\u00edtica y en los partidos pol\u00edticos del mundo cada vez sorprenden con mayor fuerza&nbsp; y nosotros, &nbsp;como partido Boschista,&nbsp; tenemos el &nbsp;compromiso de &nbsp;mantener la unidad partidaria y que el boschismo siga siendo la teor\u00eda que oriente a nuestra organizaci\u00f3n y que sigamos siendo lo que Juan Bosch so\u00f1\u00f3 , un partido \u00fanico en Am\u00e9rica y su principal obra pol\u00edtica\u201d, afirm\u00f3&nbsp; Alejandrina Germ\u00e1n al iniciar la explicaci\u00f3n del contenido del programa formativo en pol\u00edtica del PLD.<\/p>\n\n\n\n<p>Sostuvo que el &nbsp;programa de formaci\u00f3n pol\u00edtica &nbsp;pretende llenar su cometido, &nbsp;de tal manera que el PLD siga practicando lo que es la formaci\u00f3n pol\u00edtica como una tarea fundamental.<\/p>\n\n\n\n<p>\u201cDentro de los prop\u00f3sitos de este programa est\u00e1n posibilitar que las y los miembros del PLD logren una formaci\u00f3n pol\u00edtica e ideol\u00f3gica que se corresponda con los mejores intereses del pueblo dominicano y que tenga la suficiente visibilidad para lograr que, &nbsp;en el contexto de la visi\u00f3n del mundo que tiene el Partido de la Liberaci\u00f3n Dominicana, &nbsp;podamos seguir trabajando por un desarrollo humano y social sostenible tendente a garantizar los derechos a una vida digna decorosa fundamentada sobre todo en la \u00e9tica y en los valores de justicia respeto y dignidad\u201d, asegur\u00f3 Germ\u00e1n.<\/p>\n\n\n\n<p>Para la presentaci\u00f3n del programa se prepar\u00f3 una sala en el Sal\u00f3n Bienvenido Sandoval de la Casa Nacional del PLD &nbsp;en la tomaron asiento el Secretario General Charles Mariotti, el vicepresidente del PLD, Juan Ariel Jim\u00e9nez, Alejandrina Germ\u00e1n y el conferencista, Luis Garc\u00eda.<\/p>\n\n\n\n<p>Le correspondi\u00f3 &nbsp;a &nbsp;Charles Mariotti las palabras iniciales del encuentro en las que &nbsp;afirm\u00f3 que la organizaci\u00f3n debe estar preparada para regresar de nuevo al poder con la formaci\u00f3n de sus dirigentes y por eso se debe prestar la mayor atenci\u00f3n a la aplicaci\u00f3n del programa formativo, sugiriendo a las y los Enlaces dar seguimiento a dicho tema.<\/p>\n\n\n\n<p>&nbsp;\u201cTenemos que enviar se\u00f1ales cada d\u00eda m\u00e1s fuertes,&nbsp; positivas porque es una exigencia de la sociedad y de los tiempos. Esta secretar\u00eda est\u00e1 llamada a jugar un rol protag\u00f3nico determinante en nuestro proceso de construcci\u00f3n de un nuevo modelo de gesti\u00f3n partidaria\u201d dijo Mariotti.<\/p>\n\n\n\n<p>Mientras el periodista y polit\u00f3logo Luis Garc\u00eda ponente en la conferencia&nbsp; expres\u00f3 la importancia de&nbsp; comprender el contexto global, la cultura pol\u00edtica y el rol de los partidos y&nbsp; &nbsp;la necesidad de esa nueva narrativa de hoy que sea capaz de emocionar, de persuadir y de convencer que es el fin de la pol\u00edtica.<\/p>\n\n\n\n<p>\u00abUna formaci\u00f3n con visi\u00f3n de futuro porque hoy en d\u00eda el mundo&nbsp; cambia de la noche a la ma\u00f1ana. Lo que pasa en el mundo repercute aqu\u00ed. Es necesario repensar eso, predecir qu\u00e9 es lo que viene ma\u00f1ana como lo predijo el profesor Juan Bosch. Tenemos que entender que se ha dado un salto de lo anal\u00f3gico a lo digital para poder convencer y persuadir en pol\u00edtica\u00bb, argument\u00f3 el tambi\u00e9n miembro del Comit\u00e9 Central del PLD en su exposici\u00f3n.<\/p>\n\n\n\n<p>Margarita Cede\u00f1o, Melanio Paredes, Radham\u00e9s Segura, Lidio Cadet, Jos\u00e9 Ram\u00f3n Peralta, Francisco Dom\u00ednguez Brito, Alexis Lantigua, Radham\u00e9s Camacho, Cristina Lizardo, Alejandro Mont\u00e1s y &nbsp;Jhonny Pujols, ostentando&nbsp; la representaci\u00f3n del Comit\u00e9 Pol\u00edtico, con una nutrida representaci\u00f3n de titulares de Secretar\u00edas, miembros del Comit\u00e9 Central &nbsp;y presidentes de Comit\u00e9s Intermedios de la Circunscripci\u00f3n Uno del Distrito Nacional. &nbsp;<\/p>\n\n\n\n<p>Con la actividad desarrollada en la Casa Nacional del PLD se inicia la fase de socializaci\u00f3n del Programa de Formaci\u00f3n Pol\u00edtica que tiene como meta recorrer todos los rincones de la geograf\u00eda nacional, mientras se dan los toques para su digitalizaci\u00f3n y esquema de aplicaci\u00f3n del programa.<\/p>\n\n\n\n<p>Fuente:  <strong>SECRETARIA DE COMUNICACIONES<\/strong><\/p>\n\n\n\n<p><strong>28 DE JULIO, 2021.- &nbsp;<\/strong><\/p>\n","protected":false},"excerpt":{"rendered":"<p>diariodominicano.com Santo Domingo, R. D., 28 de julio, 2021.- En un mundo cambiante a cada instante, en una sociedad muy compleja, se impone en el Partido de la Liberaci\u00f3n Dominicana el predominio de la \u00a0\u00a0unidad partidaria inspirada en los ideales progresistas del fundador y l\u00edder hist\u00f3rico del PLD, \u00a0Profesor Juan Bosch. La opini\u00f3n es de&nbsp;Alejandrina [&hellip;]<\/p>\n","protected":false},"author":5,"featured_media":289428,"comment_status":"closed","ping_status":"","sticky":true,"template":"","format":"standard","meta":{"footnotes":""},"categories":[22,27],"tags":[],"class_list":["post-289427","post","type-post","status-publish","format-standard","has-post-thumbnail","hentry","category-politica","category-portada"],"_links":{"self":[{"href":"https:\/\/diariodominicano.com\/index.php?rest_route=\/wp\/v2\/posts\/289427","targetHints":{"allow":["GET"]}}],"collection":[{"href":"https:\/\/diariodominicano.com\/index.php?rest_route=\/wp\/v2\/posts"}],"about":[{"href":"https:\/\/diariodominicano.com\/index.php?rest_route=\/wp\/v2\/types\/post"}],"author":[{"embeddable":true,"href":"https:\/\/diariodominicano.com\/index.php?rest_route=\/wp\/v2\/users\/5"}],"replies":[{"embeddable":true,"href":"https:\/\/diariodominicano.com\/index.php?rest_route=%2Fwp%2Fv2%2Fcomments&post=289427"}],"version-history":[{"count":1,"href":"https:\/\/diariodominicano.com\/index.php?rest_route=\/wp\/v2\/posts\/289427\/revisions"}],"predecessor-version":[{"id":289429,"href":"https:\/\/diariodominicano.com\/index.php?rest_route=\/wp\/v2\/posts\/289427\/revisions\/289429"}],"wp:featuredmedia":[{"embeddable":true,"href":"https:\/\/diariodominicano.com\/index.php?rest_route=\/wp\/v2\/media\/289428"}],"wp:attachment":[{"href":"https:\/\/diariodominicano.com\/index.php?rest_route=%2Fwp%2Fv2%2Fmedia&parent=289427"}],"wp:term":[{"taxonomy":"category","embeddable":true,"href":"https:\/\/diariodominicano.com\/index.php?rest_route=%2Fwp%2Fv2%2Fcategories&post=289427"},{"taxonomy":"post_tag","embeddable":true,"href":"https:\/\/diariodominicano.com\/index.php?rest_route=%2Fwp%2Fv2%2Ftags&post=289427"}],"curies":[{"name":"wp","href":"https:\/\/api.w.org\/{rel}","templated":true}]}}