{"id":289389,"date":"2021-07-28T12:07:13","date_gmt":"2021-07-28T16:07:13","guid":{"rendered":"http:\/\/diariodominicano.com\/?p=289389"},"modified":"2021-07-28T12:07:13","modified_gmt":"2021-07-28T16:07:13","slug":"presidente-de-brasil-restablece-ministerio-de-trabajo-y-prevision","status":"publish","type":"post","link":"https:\/\/diariodominicano.com\/?p=289389","title":{"rendered":"Presidente de Brasil restablece Ministerio de Trabajo y Previsi\u00f3n"},"content":{"rendered":"\n<p>diariodominicano.com<a rel=\"noreferrer noopener\" href=\"http:\/\/home.xinhua-news.com\/gdsdetailxhs\/share\/9738179-?pageflag=iframe\" target=\"_blank\"><\/a><\/p>\n\n\n\n<pre id=\"text-news-description\" class=\"wp-block-preformatted\">   BRASILIA, 28 jul (Xinhua) -- El presidente de Brasil, Jair Bolsonaro, emiti\u00f3 un decreto que restablece el Ministerio de Trabajo y Previsi\u00f3n, cartera que tendr\u00e1 como titular a Onyx Lorenzoni, de acuerdo con la resoluci\u00f3n publicada en la edici\u00f3n de hoy mi\u00e9rcoles del Diario Oficial.\n   El Ministerio de Trabajo, creado en 1930, fue extinguido al comienzo del gobierno de Bolsonaro y sus funciones se incorporaron al Ministerio de Econom\u00eda.\n   En cuanto a Lorenzoni, tiene 66 a\u00f1os y es oriundo del estado brasile\u00f1o de Paran\u00e1 (sur), adem\u00e1s de estar afiliado al partido pol\u00edtico Dem\u00f3cratas (centro-derecha) e integrar el primer escal\u00f3n del gobierno desde que Bolsonaro asumi\u00f3 la Presidencia en enero de 2019.\n   El cambio anunciado forma parte de una reforma ministerial que incluye cambios en la Secretar\u00eda General de la Presidencia.\n   Lorenzoni era ministro de la Secretar\u00eda General desde febrero y su lugar ser\u00e1 cubierto por Luiz Eduardo Ramos.\n   Ramos era ministro de la Presidencia, responsable de la jefatura del gabinete ministerial, puesto que ahora ser\u00e1 ocupado por el senador Ciro Nogueira.\n   Seg\u00fan la resoluci\u00f3n publicada este mi\u00e9rcoles, el Ministerio de Trabajo y Previsi\u00f3n se encargar\u00e1 de pol\u00edticas como generaci\u00f3n de empleo, ingresos y apoyo a trabajadores.\n   Otros de los temas que le corresponder\u00e1n son relaciones laborales, inspecci\u00f3n de trabajo, intermediaci\u00f3n laboral, seguridad y salud en el trabajo, adem\u00e1s de registro de sindicatos. <\/pre>\n","protected":false},"excerpt":{"rendered":"<p>diariodominicano.com BRASILIA, 28 jul (Xinhua) &#8212; El presidente de Brasil, Jair Bolsonaro, emiti\u00f3 un decreto que restablece el Ministerio de Trabajo y Previsi\u00f3n, cartera que tendr\u00e1 como titular a Onyx Lorenzoni, de acuerdo con la resoluci\u00f3n publicada en la edici\u00f3n de hoy mi\u00e9rcoles del Diario Oficial. El Ministerio de Trabajo, creado en 1930, fue extinguido [&hellip;]<\/p>\n","protected":false},"author":5,"featured_media":289390,"comment_status":"closed","ping_status":"","sticky":true,"template":"","format":"standard","meta":{"footnotes":""},"categories":[23,27],"tags":[],"class_list":["post-289389","post","type-post","status-publish","format-standard","has-post-thumbnail","hentry","category-internacional","category-portada"],"_links":{"self":[{"href":"https:\/\/diariodominicano.com\/index.php?rest_route=\/wp\/v2\/posts\/289389","targetHints":{"allow":["GET"]}}],"collection":[{"href":"https:\/\/diariodominicano.com\/index.php?rest_route=\/wp\/v2\/posts"}],"about":[{"href":"https:\/\/diariodominicano.com\/index.php?rest_route=\/wp\/v2\/types\/post"}],"author":[{"embeddable":true,"href":"https:\/\/diariodominicano.com\/index.php?rest_route=\/wp\/v2\/users\/5"}],"replies":[{"embeddable":true,"href":"https:\/\/diariodominicano.com\/index.php?rest_route=%2Fwp%2Fv2%2Fcomments&post=289389"}],"version-history":[{"count":1,"href":"https:\/\/diariodominicano.com\/index.php?rest_route=\/wp\/v2\/posts\/289389\/revisions"}],"predecessor-version":[{"id":289391,"href":"https:\/\/diariodominicano.com\/index.php?rest_route=\/wp\/v2\/posts\/289389\/revisions\/289391"}],"wp:featuredmedia":[{"embeddable":true,"href":"https:\/\/diariodominicano.com\/index.php?rest_route=\/wp\/v2\/media\/289390"}],"wp:attachment":[{"href":"https:\/\/diariodominicano.com\/index.php?rest_route=%2Fwp%2Fv2%2Fmedia&parent=289389"}],"wp:term":[{"taxonomy":"category","embeddable":true,"href":"https:\/\/diariodominicano.com\/index.php?rest_route=%2Fwp%2Fv2%2Fcategories&post=289389"},{"taxonomy":"post_tag","embeddable":true,"href":"https:\/\/diariodominicano.com\/index.php?rest_route=%2Fwp%2Fv2%2Ftags&post=289389"}],"curies":[{"name":"wp","href":"https:\/\/api.w.org\/{rel}","templated":true}]}}