{"id":289378,"date":"2021-07-28T11:12:20","date_gmt":"2021-07-28T15:12:20","guid":{"rendered":"http:\/\/diariodominicano.com\/?p=289378"},"modified":"2021-07-28T11:22:39","modified_gmt":"2021-07-28T15:22:39","slug":"palestina-pide-reapertura-de-instituciones-cerradas-en-jerusalen-oriental","status":"publish","type":"post","link":"https:\/\/diariodominicano.com\/?p=289378","title":{"rendered":"Palestina pide reapertura de instituciones cerradas en Jerusal\u00e9n Oriental"},"content":{"rendered":"\n<h3 class=\"wp-block-heading\">diariodominicano.com<a rel=\"noreferrer noopener\" href=\"http:\/\/home.xinhua-news.com\/gdsdetailxhs\/share\/9737130-?pageflag=iframe\" target=\"_blank\"><\/a><\/h3>\n\n\n\n<pre id=\"text-news-description\" class=\"wp-block-preformatted\">   RAMALA, 28 jul (Xinhua) -- Palestina pidi\u00f3 hoy a la comunidad internacional presionar al Gobierno de Israel para que reabra las instituciones palestinas en Jerusal\u00e9n Oriental cerradas desde hace tanto tiempo.\n   El Ministerio de Relaciones Exteriores palestino dijo en una declaraci\u00f3n que rechaza y condena la decisi\u00f3n del ministro de Seguridad P\u00fablica de Israel, Omer Barlev, de extender el cierre de las instituciones palestinas en Jerusal\u00e9n Oriental.\n   Israel ha mantenido cerradas alrededor de 80 instituciones palestinas en Jerusal\u00e9n Oriental durante dos d\u00e9cadas, indic\u00f3 la declaraci\u00f3n del ministerio.\n   El aviso israel\u00ed pegado en la entrada de las instituciones cerradas se\u00f1ala que la decisi\u00f3n de extensi\u00f3n entrar\u00e1 en vigor el 5 de agosto. La decisi\u00f3n fue emitida en 2001 y ha sido ampliada cada seis meses desde entonces.\n  Israel ocup\u00f3 Cisjordania, la Franja de Gaza y Jerusal\u00e9n Oriental durante la guerra de Medio Oriente de 1967 y desde entonces los controla. La comunidad internacional no ha reconocido a Jerusal\u00e9n como la capital de Israel. <\/pre>\n\n\n\n<p><\/p>\n\n\n\n<p><\/p>\n","protected":false},"excerpt":{"rendered":"<p>diariodominicano.com RAMALA, 28 jul (Xinhua) &#8212; Palestina pidi\u00f3 hoy a la comunidad internacional presionar al Gobierno de Israel para que reabra las instituciones palestinas en Jerusal\u00e9n Oriental cerradas desde hace tanto tiempo. El Ministerio de Relaciones Exteriores palestino dijo en una declaraci\u00f3n que rechaza y condena la decisi\u00f3n del ministro de Seguridad P\u00fablica de Israel, [&hellip;]<\/p>\n","protected":false},"author":5,"featured_media":289382,"comment_status":"closed","ping_status":"","sticky":true,"template":"","format":"standard","meta":{"footnotes":""},"categories":[23,27],"tags":[],"class_list":["post-289378","post","type-post","status-publish","format-standard","has-post-thumbnail","hentry","category-internacional","category-portada"],"_links":{"self":[{"href":"https:\/\/diariodominicano.com\/index.php?rest_route=\/wp\/v2\/posts\/289378","targetHints":{"allow":["GET"]}}],"collection":[{"href":"https:\/\/diariodominicano.com\/index.php?rest_route=\/wp\/v2\/posts"}],"about":[{"href":"https:\/\/diariodominicano.com\/index.php?rest_route=\/wp\/v2\/types\/post"}],"author":[{"embeddable":true,"href":"https:\/\/diariodominicano.com\/index.php?rest_route=\/wp\/v2\/users\/5"}],"replies":[{"embeddable":true,"href":"https:\/\/diariodominicano.com\/index.php?rest_route=%2Fwp%2Fv2%2Fcomments&post=289378"}],"version-history":[{"count":4,"href":"https:\/\/diariodominicano.com\/index.php?rest_route=\/wp\/v2\/posts\/289378\/revisions"}],"predecessor-version":[{"id":289383,"href":"https:\/\/diariodominicano.com\/index.php?rest_route=\/wp\/v2\/posts\/289378\/revisions\/289383"}],"wp:featuredmedia":[{"embeddable":true,"href":"https:\/\/diariodominicano.com\/index.php?rest_route=\/wp\/v2\/media\/289382"}],"wp:attachment":[{"href":"https:\/\/diariodominicano.com\/index.php?rest_route=%2Fwp%2Fv2%2Fmedia&parent=289378"}],"wp:term":[{"taxonomy":"category","embeddable":true,"href":"https:\/\/diariodominicano.com\/index.php?rest_route=%2Fwp%2Fv2%2Fcategories&post=289378"},{"taxonomy":"post_tag","embeddable":true,"href":"https:\/\/diariodominicano.com\/index.php?rest_route=%2Fwp%2Fv2%2Ftags&post=289378"}],"curies":[{"name":"wp","href":"https:\/\/api.w.org\/{rel}","templated":true}]}}