{"id":289350,"date":"2021-07-28T03:59:29","date_gmt":"2021-07-28T07:59:29","guid":{"rendered":"http:\/\/diariodominicano.com\/?p=289350"},"modified":"2021-07-28T03:59:29","modified_gmt":"2021-07-28T07:59:29","slug":"haran-misa-en-ny-memoria-madre-ex-presidente-leonel-fernandez","status":"publish","type":"post","link":"https:\/\/diariodominicano.com\/?p=289350","title":{"rendered":"Har\u00e1n misa en NY memoria madre ex presidente Leonel Fern\u00e1ndez"},"content":{"rendered":"\n<p><strong>Por Ram\u00f3n Mercedes<\/strong><\/p>\n\n\n\n<p><strong>NUEVA YORK.-<\/strong>&nbsp;El movimiento \u201c300 con Leonel\u201d, que dirige Geraldo Rosario en esta ciudad, har\u00e1 una misa el pr\u00f3ximo s\u00e1bado 31 en memoria de Yolanda Reyna Romero, quien falleciera la semana pasada en la RD y fuera la madre del ex presidente Leonel Fern\u00e1ndez.<\/p>\n\n\n\n<p>La misa se efectuar\u00e1 a partir de las 7:00 de la noche en la Iglesia San Judas Tadeo, ubicada en la D\u00e9cima avenida con la calle 205, en el Alto Manhattan. En RD le har\u00e1n una misa similar el mismo d\u00eda y en horas de la tarde, en la Catedral Primada de Am\u00e9rica, se inform\u00f3.<\/p>\n\n\n\n<p>El dirigente pol\u00edtico expres\u00f3 que los \u201c300\u201d, con varias actividades programadas (un encuentro de verano; las reuniones de trabajo y promoci\u00f3n) fueron suspendidas durante estos 9 d\u00edas, e invita la comunidad en general asistir.<\/p>\n\n\n\n<p>En un documento, Rosario destac\u00f3 las cualidades que adornaron en vida a la se\u00f1ora Reyna Romero, entre ellas ser una madre abnegada por el bienestar de sus hijos y familiares, inculc\u00e1ndoles valores y principios a sus v\u00e1stagos, asimilados por ellos 100% y que han servido de ejemplo en la Rep\u00fablica Dominicana.<\/p>\n\n\n\n<p>\u201cY esos principios morales y valores de do\u00f1a Yolanda, sin renunciar al valor de la dignidad y verg\u00fcenza del trabajo, le acompa\u00f1aron hasta el \u00faltimo d\u00eda de su vida, precisa.<\/p>\n\n\n\n<p>El documento, a parte de firmarlo Rosario, figuran \u00c1ngel Fern\u00e1ndez, Iv\u00e1n Canals, Mike Quezada, Joiner Jim\u00e9nez, Wascarina Cabral, Luis Alex Espinal, Edwin Paredes, Indira Polanco, Victoria Dom\u00ednguez, Yorgelis Almonte, Ram\u00f3n Vargas, y Anthony del Orbe.<\/p>\n\n\n\n<p>Asimismo, Jos\u00e9 Garc\u00eda, Aneuris S\u00e1nchez, Josefina Marte, Jaqueline Sierra, \u00c1ngel blanco, Nicaury Guzm\u00e1n, Francisco Carvajal, Alejandro N\u00fa\u00f1ez, Maritza Ch\u00e1vez, Kimbel Cabrera, Luis Amadis, Leonel Ruiz, Loraine Brache, Rafael Mart\u00ednez, Jos\u00e9 Valenzuela, y Zoila Alda\u00f1o, entre otros.<\/p>\n","protected":false},"excerpt":{"rendered":"<p>Por Ram\u00f3n Mercedes NUEVA YORK.-&nbsp;El movimiento \u201c300 con Leonel\u201d, que dirige Geraldo Rosario en esta ciudad, har\u00e1 una misa el pr\u00f3ximo s\u00e1bado 31 en memoria de Yolanda Reyna Romero, quien falleciera la semana pasada en la RD y fuera la madre del ex presidente Leonel Fern\u00e1ndez. La misa se efectuar\u00e1 a partir de las 7:00 [&hellip;]<\/p>\n","protected":false},"author":7,"featured_media":288137,"comment_status":"closed","ping_status":"","sticky":true,"template":"","format":"standard","meta":{"footnotes":""},"categories":[23,27],"tags":[],"class_list":["post-289350","post","type-post","status-publish","format-standard","has-post-thumbnail","hentry","category-internacional","category-portada"],"_links":{"self":[{"href":"https:\/\/diariodominicano.com\/index.php?rest_route=\/wp\/v2\/posts\/289350","targetHints":{"allow":["GET"]}}],"collection":[{"href":"https:\/\/diariodominicano.com\/index.php?rest_route=\/wp\/v2\/posts"}],"about":[{"href":"https:\/\/diariodominicano.com\/index.php?rest_route=\/wp\/v2\/types\/post"}],"author":[{"embeddable":true,"href":"https:\/\/diariodominicano.com\/index.php?rest_route=\/wp\/v2\/users\/7"}],"replies":[{"embeddable":true,"href":"https:\/\/diariodominicano.com\/index.php?rest_route=%2Fwp%2Fv2%2Fcomments&post=289350"}],"version-history":[{"count":1,"href":"https:\/\/diariodominicano.com\/index.php?rest_route=\/wp\/v2\/posts\/289350\/revisions"}],"predecessor-version":[{"id":289353,"href":"https:\/\/diariodominicano.com\/index.php?rest_route=\/wp\/v2\/posts\/289350\/revisions\/289353"}],"wp:featuredmedia":[{"embeddable":true,"href":"https:\/\/diariodominicano.com\/index.php?rest_route=\/wp\/v2\/media\/288137"}],"wp:attachment":[{"href":"https:\/\/diariodominicano.com\/index.php?rest_route=%2Fwp%2Fv2%2Fmedia&parent=289350"}],"wp:term":[{"taxonomy":"category","embeddable":true,"href":"https:\/\/diariodominicano.com\/index.php?rest_route=%2Fwp%2Fv2%2Fcategories&post=289350"},{"taxonomy":"post_tag","embeddable":true,"href":"https:\/\/diariodominicano.com\/index.php?rest_route=%2Fwp%2Fv2%2Ftags&post=289350"}],"curies":[{"name":"wp","href":"https:\/\/api.w.org\/{rel}","templated":true}]}}