{"id":289348,"date":"2021-07-28T04:31:04","date_gmt":"2021-07-28T08:31:04","guid":{"rendered":"http:\/\/diariodominicano.com\/?p=289348"},"modified":"2021-07-28T04:38:32","modified_gmt":"2021-07-28T08:38:32","slug":"dirigente-prd-ny-afirma-partido-va-camino-al-renacimiento-y-reorganizacion","status":"publish","type":"post","link":"https:\/\/diariodominicano.com\/?p=289348","title":{"rendered":"Dirigente PRD-NY afirma partido va camino al renacimiento y reorganizaci\u00f3n"},"content":{"rendered":"\n<p><strong>Por Ram\u00f3n Mercedes<\/strong><\/p>\n\n\n\n<p><strong>NUEVA YORK.-<\/strong>&nbsp;El director de organizaci\u00f3n del Partido Revolucionario Dominicano (PRD) en esta ciudad, doctor Carlos Silver, afirm\u00f3 que esa entidad pol\u00edtica va en camino del renacimiento y reorganizaci\u00f3n.<\/p>\n\n\n\n<p>Hablando durante un encuentro de verano entre decenas de \u201ccompa\u00f1eros\u201d el pasado fin de semana en un parque en El Bronx, el doctor Silver sostuvo que ya se est\u00e1n llenando los cargos que estaban vac\u00edos y que fueran abandonados por ex dirigentes.<\/p>\n\n\n\n<p>Adem\u00e1s, se les ha dado apertura a nuevos militantes, cumpliendo as\u00ed con las directrices emanadas por el presidente de la organizaci\u00f3n, ingeniero Miguel Vargas Maldonado, precis\u00f3. <\/p>\n\n\n\n<p>Inform\u00f3 que se est\u00e1n dando los pasos organizativos para emprender una jornada de captaci\u00f3n de nuevos militantes j\u00f3venes, los cuales recibir\u00e1n formaci\u00f3n pol\u00edtica y se les dar\u00e1 la oportunidad de desarrollarse pol\u00edticamente en el PRD, asever\u00f3<\/p>\n\n\n\n<p>Durante el encuentro se juramentaron a los dirigentes profesionales Miguelina Fa\u00f1a, Juli\u00e1n Mel\u00e9ndez, y Carlos Espinal. Como invitado especial a dicho encuentro estuvieron Miguel Ca\u00f1\u00f3n Taveras, sub secretario General Nacional del Partido.<\/p>\n\n\n\n<p>Asimismo, los reconocidos dirigentes en la urbe, Andrea P\u00e9rez, Roberto Pimentel, Mayra Pe\u00f1a, Faustino Ram\u00edrez, Margarita Garc\u00eda, Alexis P\u00e9rez, Mario Alc\u00e1ntara, Ramon N\u00fa\u00f1ez, Cita Herrera y Rafael Vargas, entre otros.<\/p>\n","protected":false},"excerpt":{"rendered":"<p>Por Ram\u00f3n Mercedes NUEVA YORK.-&nbsp;El director de organizaci\u00f3n del Partido Revolucionario Dominicano (PRD) en esta ciudad, doctor Carlos Silver, afirm\u00f3 que esa entidad pol\u00edtica va en camino del renacimiento y reorganizaci\u00f3n. Hablando durante un encuentro de verano entre decenas de \u201ccompa\u00f1eros\u201d el pasado fin de semana en un parque en El Bronx, el doctor Silver [&hellip;]<\/p>\n","protected":false},"author":7,"featured_media":0,"comment_status":"closed","ping_status":"","sticky":true,"template":"","format":"standard","meta":{"footnotes":""},"categories":[23,27],"tags":[],"class_list":["post-289348","post","type-post","status-publish","format-standard","hentry","category-internacional","category-portada"],"_links":{"self":[{"href":"https:\/\/diariodominicano.com\/index.php?rest_route=\/wp\/v2\/posts\/289348","targetHints":{"allow":["GET"]}}],"collection":[{"href":"https:\/\/diariodominicano.com\/index.php?rest_route=\/wp\/v2\/posts"}],"about":[{"href":"https:\/\/diariodominicano.com\/index.php?rest_route=\/wp\/v2\/types\/post"}],"author":[{"embeddable":true,"href":"https:\/\/diariodominicano.com\/index.php?rest_route=\/wp\/v2\/users\/7"}],"replies":[{"embeddable":true,"href":"https:\/\/diariodominicano.com\/index.php?rest_route=%2Fwp%2Fv2%2Fcomments&post=289348"}],"version-history":[{"count":4,"href":"https:\/\/diariodominicano.com\/index.php?rest_route=\/wp\/v2\/posts\/289348\/revisions"}],"predecessor-version":[{"id":289365,"href":"https:\/\/diariodominicano.com\/index.php?rest_route=\/wp\/v2\/posts\/289348\/revisions\/289365"}],"wp:attachment":[{"href":"https:\/\/diariodominicano.com\/index.php?rest_route=%2Fwp%2Fv2%2Fmedia&parent=289348"}],"wp:term":[{"taxonomy":"category","embeddable":true,"href":"https:\/\/diariodominicano.com\/index.php?rest_route=%2Fwp%2Fv2%2Fcategories&post=289348"},{"taxonomy":"post_tag","embeddable":true,"href":"https:\/\/diariodominicano.com\/index.php?rest_route=%2Fwp%2Fv2%2Ftags&post=289348"}],"curies":[{"name":"wp","href":"https:\/\/api.w.org\/{rel}","templated":true}]}}