{"id":289347,"date":"2021-07-28T04:34:36","date_gmt":"2021-07-28T08:34:36","guid":{"rendered":"http:\/\/diariodominicano.com\/?p=289347"},"modified":"2021-07-28T04:40:15","modified_gmt":"2021-07-28T08:40:15","slug":"concluyo-con-exito-feria-gastronomica-dominicana-en-el-bronx","status":"publish","type":"post","link":"https:\/\/diariodominicano.com\/?p=289347","title":{"rendered":"Concluy\u00f3 con \u00e9xito Feria Gastron\u00f3mica dominicana en El Bronx"},"content":{"rendered":"\n<p><strong>Por Ram\u00f3n Mercedes<\/strong><\/p>\n\n\n\n<p><strong>NUEVA YORK.-<\/strong>&nbsp;Concluy\u00f3 con \u00e9xito el pasado fin de semana en El Bronx la primera \u201cFeria Gastron\u00f3mica de la RD\u201d con la presentaci\u00f3n de m\u00e1s de 40 productos dominicanos (pi\u00f1a, banano, vegetales, aguacate, coco, aj\u00edes y ron, entre otros) tra\u00eddo desde el pa\u00eds caribe\u00f1o.<\/p>\n\n\n\n<p>A dicha Feria, presidida por la l\u00edder comunitaria Elida Almonte, asistieron cientos de criollos, entre ellos el c\u00f3nsul Eligio J\u00e1quez; el senador por Montecristi, Ram\u00f3n Antonio Pimentel (Moreno); el Ministro de Agricultura de la RD, Limbert Cruz L\u00f3pez; as\u00ed como empresarios, comerciantes, profesionales, oficiales electos, pol\u00edticos, comunitarios y ciudadanos comunes.<\/p>\n\n\n\n<p>Muchos de ellos vinieron de los diferentes condados (Manhattan, Queens, Brooklyn, y Staten Island), de la ciudad de Yonkers, y los estados de Nueva Jersey, Connecticut y Pensilvania. <\/p>\n\n\n\n<figure class=\"wp-block-image size-large is-style-default\"><img loading=\"lazy\" decoding=\"async\" width=\"633\" height=\"219\" src=\"https:\/\/diariodominicano.com\/wp-content\/uploads\/2021\/07\/image-65.png\" alt=\"\" class=\"wp-image-289351\" srcset=\"https:\/\/diariodominicano.com\/wp-content\/uploads\/2021\/07\/image-65.png 633w, https:\/\/diariodominicano.com\/wp-content\/uploads\/2021\/07\/image-65-300x104.png 300w\" sizes=\"auto, (max-width: 633px) 100vw, 633px\" \/><\/figure>\n\n\n\n<p>Hubo presentaciones art\u00edsticas y degustaciones de variados productos. El merengue y la bachata ocuparon un sitial preferencial durante el desarrollo del evento, los pasados d\u00edas 24 y 25, en el Walter Gladwin Park (Tremont con la Tercera avenida) en dicho condado.<\/p>\n\n\n\n<p>La Feria estuvo dedicada a la provincia La Altagracia, asistiendo una amplia delegaci\u00f3n de esa comarca presidida por el alcalde de Hig\u00fcey, Rafael Bar\u00f3n Duluc (Cholit\u00edn), quien vino a representarla.<\/p>\n\n\n\n<p>Previo a su conclusi\u00f3n, la directiva de la \u201cFeria\u201d con Almonte como presidente; Luciano V\u00e1squez, vicepresidente; Francisco Marte, secretario general, Manuel Peralta, tesorero; y Samuel S\u00e1nchez, director del consejo ejecutivo; realizaron encuentros con la prensa para dar a conocer su desarrollo, y una \u201ccena-gala\u201d a los invitados.<\/p>\n\n\n\n<p>Los alcaldes que vinieron desde RD a participar, entre ellos Henrys Garc\u00eda, Jeudith Rodr\u00edguez, Rubelkis Figueroa y Manol\u00edn Ram\u00edrez de los Distritos Municipales de Juancho (Pedernales), Pedro Garc\u00eda (Santiago) Palo Alto (Barahona) B\u00e1varo-Hig\u00fcey.<\/p>\n\n\n\n<p>As\u00ed como tambi\u00e9n los invitados especiales, Ra\u00fal Corpor\u00e1n, presidente de la C\u00e1mara de Comercio de La Altagracia; y V\u00edctor Dum\u00e9, director ejecutivo de Relaciones P\u00fablicas del aeropuerto B\u00e1varo, fueron reconocidos por Rub\u00e9n D\u00edaz, actual concejal por El Bronx y presidente de la Organizaci\u00f3n de Ministros Cristianos de NY.<\/p>\n\n\n\n<p>En el gusto de la comunidad quisqueyana en la Gran Manzana y ciudades circundante qued\u00f3 la experiencia positiva, alegr\u00eda, la excelente organizaci\u00f3n y desarrollo de la actividad, al decir de muchos de los asistentes a este reportero.<\/p>\n\n\n\n<p>Al concluir con el acto, el c\u00f3nsul J\u00e1quez expres\u00f3: \u201cEl Festival fue todo un \u00e9xito y por esa raz\u00f3n los empresarios e importadores de New Jersey est\u00e1n solicitando otro Festival en esa \u00e1rea, el c\u00famulo de representantes que se dieron cita en la mesa de negociaci\u00f3n es indicativo de lo beneficioso que ha sido la actividad\u201d, sostuvo<\/p>\n\n\n\n<p>Por su parte, Almonte agradeci\u00f3 a los oficiales electos, a las diferentes instituciones que decidieron apoyar la \u201cFeria\u201d y a toda la comunidad por creer en \u201cDominican Taste Festival\u201d <\/p>\n\n\n\n<figure class=\"wp-block-embed is-type-video is-provider-youtube wp-block-embed-youtube wp-embed-aspect-16-9 wp-has-aspect-ratio\"><div class=\"wp-block-embed__wrapper\">\n<iframe loading=\"lazy\" title=\"Concluye en NY Festigal Gastronomico Dominicano\" width=\"616\" height=\"347\" src=\"https:\/\/www.youtube.com\/embed\/j1-aXLcL9-8?feature=oembed\" frameborder=\"0\" allow=\"accelerometer; autoplay; clipboard-write; encrypted-media; gyroscope; picture-in-picture; web-share\" referrerpolicy=\"strict-origin-when-cross-origin\" allowfullscreen><\/iframe>\n<\/div><\/figure>\n\n\n\n<p><\/p>\n","protected":false},"excerpt":{"rendered":"<p>Por Ram\u00f3n Mercedes NUEVA YORK.-&nbsp;Concluy\u00f3 con \u00e9xito el pasado fin de semana en El Bronx la primera \u201cFeria Gastron\u00f3mica de la RD\u201d con la presentaci\u00f3n de m\u00e1s de 40 productos dominicanos (pi\u00f1a, banano, vegetales, aguacate, coco, aj\u00edes y ron, entre otros) tra\u00eddo desde el pa\u00eds caribe\u00f1o. A dicha Feria, presidida por la l\u00edder comunitaria Elida [&hellip;]<\/p>\n","protected":false},"author":7,"featured_media":289354,"comment_status":"closed","ping_status":"","sticky":true,"template":"","format":"standard","meta":{"footnotes":""},"categories":[23,27],"tags":[],"class_list":["post-289347","post","type-post","status-publish","format-standard","has-post-thumbnail","hentry","category-internacional","category-portada"],"_links":{"self":[{"href":"https:\/\/diariodominicano.com\/index.php?rest_route=\/wp\/v2\/posts\/289347","targetHints":{"allow":["GET"]}}],"collection":[{"href":"https:\/\/diariodominicano.com\/index.php?rest_route=\/wp\/v2\/posts"}],"about":[{"href":"https:\/\/diariodominicano.com\/index.php?rest_route=\/wp\/v2\/types\/post"}],"author":[{"embeddable":true,"href":"https:\/\/diariodominicano.com\/index.php?rest_route=\/wp\/v2\/users\/7"}],"replies":[{"embeddable":true,"href":"https:\/\/diariodominicano.com\/index.php?rest_route=%2Fwp%2Fv2%2Fcomments&post=289347"}],"version-history":[{"count":2,"href":"https:\/\/diariodominicano.com\/index.php?rest_route=\/wp\/v2\/posts\/289347\/revisions"}],"predecessor-version":[{"id":289366,"href":"https:\/\/diariodominicano.com\/index.php?rest_route=\/wp\/v2\/posts\/289347\/revisions\/289366"}],"wp:featuredmedia":[{"embeddable":true,"href":"https:\/\/diariodominicano.com\/index.php?rest_route=\/wp\/v2\/media\/289354"}],"wp:attachment":[{"href":"https:\/\/diariodominicano.com\/index.php?rest_route=%2Fwp%2Fv2%2Fmedia&parent=289347"}],"wp:term":[{"taxonomy":"category","embeddable":true,"href":"https:\/\/diariodominicano.com\/index.php?rest_route=%2Fwp%2Fv2%2Fcategories&post=289347"},{"taxonomy":"post_tag","embeddable":true,"href":"https:\/\/diariodominicano.com\/index.php?rest_route=%2Fwp%2Fv2%2Ftags&post=289347"}],"curies":[{"name":"wp","href":"https:\/\/api.w.org\/{rel}","templated":true}]}}