{"id":289337,"date":"2021-07-28T04:32:18","date_gmt":"2021-07-28T08:32:18","guid":{"rendered":"http:\/\/diariodominicano.com\/?p=289337"},"modified":"2021-07-28T04:37:10","modified_gmt":"2021-07-28T08:37:10","slug":"roque-espaillat-tavarez-senala-que-el-problema-energetico-en-el-pais-podria-resolverse-en-90-dias","status":"publish","type":"post","link":"https:\/\/diariodominicano.com\/?p=289337","title":{"rendered":"Roque Espaillat Tav\u00e1rez se\u00f1ala que el problema energ\u00e9tico en el pa\u00eds podr\u00eda resolverse en 90 d\u00edas"},"content":{"rendered":"\n<p><strong><em>El comisionado de Rescate Democr\u00e1tico denunci\u00f3 que las compa\u00f1\u00edas energ\u00e9ticas atentan contra el Estado Dominicano<\/em><\/strong> <\/p>\n\n\n\n<p>De <strong>&nbsp;Onorio Mont\u00e1s:<\/strong><\/p>\n\n\n\n<p>El doctor Roque Espaillat Tav\u00e1rez, comisionado del Movimiento Social Rescate Democr\u00e1tico manifest\u00f3 que el problema de la energ\u00eda el\u00e9ctrica que afecta al pa\u00eds podr\u00eda resolverse en un plazo de 90 d\u00edas si se toman las medidas adecuadas.<\/p>\n\n\n\n<p>Asegur\u00f3 que el Estado gasta mil millones de d\u00f3lares anualmente en el subsidio del sector el\u00e9ctrico que se encuentra privatizado desde hace aproximadamente 20 a\u00f1os, por lo que debe hacerse un diagn\u00f3stico responsable de esta problem\u00e1tica.<\/p>\n\n\n\n<p>En una entrevista para el programa <strong>\u00abRevista Dominical Dejando Huellas\u00bb<\/strong>, producido por Onorio Mont\u00e1s y transmitido por CDNRadio, Espaillat consider\u00f3 que se han cometido diversos cr\u00edmenes en el manejo de la industria energ\u00e9tica en el pa\u00eds. <\/p>\n\n\n\n<div class=\"wp-block-image is-style-default\"><figure class=\"alignleft size-large is-resized\"><img loading=\"lazy\" decoding=\"async\" src=\"https:\/\/diariodominicano.com\/wp-content\/uploads\/2021\/07\/image-62.png\" alt=\"\" class=\"wp-image-289339\" width=\"255\" height=\"257\"\/><figcaption><strong>Roque Espaillat Tavarez<\/strong><\/figcaption><\/figure><\/div>\n\n\n\n<p>Se\u00f1al\u00f3 que el primero de ellos, fue permitir que el sector privado sea quien administre los bienes de la naci\u00f3n.&nbsp;<\/p>\n\n\n\n<p>El segundo, aceptar la disposici\u00f3n de los empresarios de comprar las plantas y pagar al Estado con los mismos ingresos que se produzcan.<\/p>\n\n\n\n<p>Aleg\u00f3 que esta situaci\u00f3n permite el robo de una parte considerable de los ingresos que le corresponden al Estado, acto que se encuentra documentado en los expedientes del Fondo Patrimonial de las Empresas Reformadas (FONPER).<\/p>\n\n\n\n<p>En tanto que el tercer crimen, para el tambi\u00e9n empresario, es el hecho de que es el Estado el que debe comercializar la electricidad del pueblo dominicano, ya que los empresarios no se interesan por hacerlo.<\/p>\n\n\n\n<p>Declar\u00f3 que los generadores le venden al Estado a 11.4 centavos el kilo y a su vez, este se ve obligado a revenderle a la poblaci\u00f3n a un precio de 13.9 para obtener una ganancia de 2.5 centavos que se utilizar\u00e1n para cubrir los costos de los gastos de operaci\u00f3n derivados de la distribuci\u00f3n.<\/p>\n\n\n\n<p>Sin embargo, se\u00f1al\u00f3 que existe un d\u00e9ficit debido a que la entidad cuenta con cinco veces m\u00e1s empleados de los que realmente necesita, por lo que deber\u00edan ganar 4 centavos para cubrir sus gastos. <\/p>\n\n\n\n<div class=\"wp-block-image is-style-default\"><figure class=\"alignright size-large\"><img loading=\"lazy\" decoding=\"async\" width=\"776\" height=\"781\" src=\"https:\/\/diariodominicano.com\/wp-content\/uploads\/2021\/07\/image-64.png\" alt=\"\" class=\"wp-image-289341\" srcset=\"https:\/\/diariodominicano.com\/wp-content\/uploads\/2021\/07\/image-64.png 776w, https:\/\/diariodominicano.com\/wp-content\/uploads\/2021\/07\/image-64-298x300.png 298w, https:\/\/diariodominicano.com\/wp-content\/uploads\/2021\/07\/image-64-150x150.png 150w, https:\/\/diariodominicano.com\/wp-content\/uploads\/2021\/07\/image-64-768x773.png 768w, https:\/\/diariodominicano.com\/wp-content\/uploads\/2021\/07\/image-64-88x88.png 88w\" sizes=\"auto, (max-width: 776px) 100vw, 776px\" \/><figcaption><strong>Roque Espaillat Tavarez<\/strong><\/figcaption><\/figure><\/div>\n\n\n\n<p>Tambi\u00e9n, afirm\u00f3 que se pierde aproximadamente un 30% en t\u00e9cnicas de transmisi\u00f3n.<\/p>\n\n\n\n<p>\u201cDeben decirles a los generadores de energ\u00eda que se respeta la ley y la seguridad jur\u00eddica pero que no pueden valerse del ordenamiento jur\u00eddico de una manera legal, pero ileg\u00edtima para estafar a la naci\u00f3n\u201d, indic\u00f3.<\/p>\n\n\n\n<p>Espaillat conden\u00f3 las altas tarifas que se manejan, pues considera que deben disminuirse de manera que el estado pueda ahorrarse los mil millones de d\u00f3lares dedicados a este servicio e invertirlos en beneficio de la sociedad.<\/p>\n\n\n\n<p>\u201cSon cinco mil millones de pesos que podr\u00edan invertir por mes en obras de infraestructura atendiendo las prioridades reales de la naci\u00f3n y poniendo un cuerpo de auditor\u00eda en el que el contratista que se robe un centavo o disminuya la calidad de la obra sea enviado al 15 de Azua y lo muestren cada tres meses en la televisi\u00f3n\u201d.&nbsp;<\/p>\n\n\n\n<p>Explic\u00f3 que esto no se efect\u00faa debido a que no resultar\u00eda conveniente para los empresarios, por lo que es tarea de la poblaci\u00f3n defender a la naci\u00f3n y sus intereses por encima del de ese sector.<\/p>\n\n\n\n<p>Declar\u00f3 que los ciudadanos deben ver como un mandato moral vigilar que se tomen consecuencias para las personas que, como ocurre con el sector energ\u00e9tico, se beneficien del Estado.<\/p>\n\n\n\n<p>\u201cEste pa\u00eds ha sido manejado durante d\u00e9cadas como una pi\u00f1ata, donde una jaur\u00eda de falsos empresarios con una conducta de hienas ha ido depredando la naci\u00f3n dominicana\u201d, puntualiz\u00f3.<\/p>\n\n\n\n<p>Espaillat, quien es residente de Corea del Sur, puso como ejemplo la historia del pa\u00eds asi\u00e1tico para ser tomada en cuenta por la sociedad dominicana.<\/p>\n\n\n\n<p>Se\u00f1al\u00f3 que la naci\u00f3n se vio devastada a ra\u00edz de la ocupaci\u00f3n japonesa de Corea, que tuvo lugar desde el 22 de agosto de 1910 al 15 de agosto de 1945 y, posteriormente, la guerra de Corea, situada entre 1950 y 1953.<\/p>\n\n\n\n<p>La guerra de Corea se trat\u00f3 de un conflicto b\u00e9lico en el que la parte sur cont\u00f3 con el apoyo de Estados Unidos, mientras que la parte norte fue apoyada por China, tras meses de tenci\u00f3n debido a las negociaciones para la reunificaci\u00f3n que se llevaban a cabo y la invasi\u00f3n de Corea del Norte a Corea del Sur, que fue el detonante de la guerra.<\/p>\n\n\n\n<p>A pesar de esta situaci\u00f3n, Espaillat se\u00f1al\u00f3 que un grupo de hombres y mujeres con una visi\u00f3n patri\u00f3tica decidieron que iban a levantarse de las cenizas y construir una gran naci\u00f3n para sus habitantes.<\/p>\n\n\n\n<p>Relat\u00f3 que el presidente surcoreano Park Chung-hee llev\u00f3 a los habitantes m\u00e1s calificados de su pa\u00eds al poder independientemente de su posici\u00f3n pol\u00edtica y se instaur\u00f3 un sistema judicial eficaz e independiente, lo que logr\u00f3 una notoria mejor\u00eda en la naci\u00f3n.<\/p>\n\n\n\n<p>As\u00ed mismo, inst\u00f3 al gobierno dominicano a actuar de la misma manera en lugar de otorgar los altos mandos del gobierno a quienes apoyaron al presidente durante su campa\u00f1a a manera de pago por favores pol\u00edticos.<\/p>\n","protected":false},"excerpt":{"rendered":"<p>El comisionado de Rescate Democr\u00e1tico denunci\u00f3 que las compa\u00f1\u00edas energ\u00e9ticas atentan contra el Estado Dominicano De &nbsp;Onorio Mont\u00e1s: El doctor Roque Espaillat Tav\u00e1rez, comisionado del Movimiento Social Rescate Democr\u00e1tico manifest\u00f3 que el problema de la energ\u00eda el\u00e9ctrica que afecta al pa\u00eds podr\u00eda resolverse en un plazo de 90 d\u00edas si se toman las medidas adecuadas. [&hellip;]<\/p>\n","protected":false},"author":7,"featured_media":289363,"comment_status":"closed","ping_status":"","sticky":true,"template":"","format":"standard","meta":{"footnotes":""},"categories":[19,27],"tags":[],"class_list":["post-289337","post","type-post","status-publish","format-standard","has-post-thumbnail","hentry","category-mi-voz","category-portada"],"_links":{"self":[{"href":"https:\/\/diariodominicano.com\/index.php?rest_route=\/wp\/v2\/posts\/289337","targetHints":{"allow":["GET"]}}],"collection":[{"href":"https:\/\/diariodominicano.com\/index.php?rest_route=\/wp\/v2\/posts"}],"about":[{"href":"https:\/\/diariodominicano.com\/index.php?rest_route=\/wp\/v2\/types\/post"}],"author":[{"embeddable":true,"href":"https:\/\/diariodominicano.com\/index.php?rest_route=\/wp\/v2\/users\/7"}],"replies":[{"embeddable":true,"href":"https:\/\/diariodominicano.com\/index.php?rest_route=%2Fwp%2Fv2%2Fcomments&post=289337"}],"version-history":[{"count":1,"href":"https:\/\/diariodominicano.com\/index.php?rest_route=\/wp\/v2\/posts\/289337\/revisions"}],"predecessor-version":[{"id":289360,"href":"https:\/\/diariodominicano.com\/index.php?rest_route=\/wp\/v2\/posts\/289337\/revisions\/289360"}],"wp:featuredmedia":[{"embeddable":true,"href":"https:\/\/diariodominicano.com\/index.php?rest_route=\/wp\/v2\/media\/289363"}],"wp:attachment":[{"href":"https:\/\/diariodominicano.com\/index.php?rest_route=%2Fwp%2Fv2%2Fmedia&parent=289337"}],"wp:term":[{"taxonomy":"category","embeddable":true,"href":"https:\/\/diariodominicano.com\/index.php?rest_route=%2Fwp%2Fv2%2Fcategories&post=289337"},{"taxonomy":"post_tag","embeddable":true,"href":"https:\/\/diariodominicano.com\/index.php?rest_route=%2Fwp%2Fv2%2Ftags&post=289337"}],"curies":[{"name":"wp","href":"https:\/\/api.w.org\/{rel}","templated":true}]}}