{"id":289313,"date":"2021-07-27T22:40:50","date_gmt":"2021-07-28T02:40:50","guid":{"rendered":"http:\/\/diariodominicano.com\/?p=289313"},"modified":"2021-07-27T22:40:50","modified_gmt":"2021-07-28T02:40:50","slug":"machu-picchu-agota-entradas-de-turistas-debido-al-aforo-por-covid-19","status":"publish","type":"post","link":"https:\/\/diariodominicano.com\/?p=289313","title":{"rendered":"Machu Picchu agota entradas de turistas debido al aforo por COVID-19"},"content":{"rendered":"\n<p>diariodominicano.com<a rel=\"noreferrer noopener\" href=\"http:\/\/home.xinhua-news.com\/gdsdetailxhs\/share\/9731878-?pageflag=iframe\" target=\"_blank\"><\/a><\/p>\n\n\n\n<pre id=\"text-news-description\" class=\"wp-block-preformatted\">   LIMA, 27 jul (Xinhua) -- La ciudadela inca de Machu Picchu, en Per\u00fa, agot\u00f3 las entradas para el ingreso de turistas extranjeros debido al l\u00edmite de aforo impuesto para evitar la propagaci\u00f3n de casos de la enfermedad del nuevo coronavirus (COVID-19), inform\u00f3 hoy martes el gobernador de la regi\u00f3n Cusco, Jean Paul Benavente.\n   El funcionario afirm\u00f3 en declaraciones a la prensa que cientos de turistas extranjeros que no alcanzaron cupo para ingresar a este santuario se aglomeraron en las inmediaciones de la empresa que expide solo 2.244 boletos diarios.\n   \"Necesitamos aumentar a 3.400 personas que ingresen a Machu Picchu el d\u00eda de hoy\", subray\u00f3 el gobernador de esta regi\u00f3n, ubicada a 1.151 kil\u00f3metros al sureste de la capital peruana.\n   Benavente indic\u00f3 que, ante esta situaci\u00f3n, su oficina se coordina con el ministro de Cultura, Alejandro Neyra, para mejorar el ingreso de turistas procedentes de todas partes del mundo, en un contexto de pandemia, pero con protocolos de bioseguridad.\n   \"Hay un l\u00edmite de aforo y hemos pedido incluso al ministro que haya una consideraci\u00f3n por estos d\u00edas\", puntualiz\u00f3.\n   La ciudadela inca de Machu Picchu es uno de los principales atractivos de Per\u00fa y en 1983 fue declarada Patrimonio Cultural de la Humanidad por la Organizaci\u00f3n de las Naciones Unidas para la Educaci\u00f3n, la Ciencia y la Cultura (Unesco).\n   Durante el 2019 este parque arqueol\u00f3gico recibi\u00f3 4.371.787 turistas; sin embargo, desde 2020 ha sido cerrado en diversas ocasiones como consecuencia de la pandemia del nuevo coronavirus. <\/pre>\n","protected":false},"excerpt":{"rendered":"<p>diariodominicano.com LIMA, 27 jul (Xinhua) &#8212; La ciudadela inca de Machu Picchu, en Per\u00fa, agot\u00f3 las entradas para el ingreso de turistas extranjeros debido al l\u00edmite de aforo impuesto para evitar la propagaci\u00f3n de casos de la enfermedad del nuevo coronavirus (COVID-19), inform\u00f3 hoy martes el gobernador de la regi\u00f3n Cusco, Jean Paul Benavente. El [&hellip;]<\/p>\n","protected":false},"author":5,"featured_media":289314,"comment_status":"closed","ping_status":"","sticky":true,"template":"","format":"standard","meta":{"footnotes":""},"categories":[23,27],"tags":[],"class_list":["post-289313","post","type-post","status-publish","format-standard","has-post-thumbnail","hentry","category-internacional","category-portada"],"_links":{"self":[{"href":"https:\/\/diariodominicano.com\/index.php?rest_route=\/wp\/v2\/posts\/289313","targetHints":{"allow":["GET"]}}],"collection":[{"href":"https:\/\/diariodominicano.com\/index.php?rest_route=\/wp\/v2\/posts"}],"about":[{"href":"https:\/\/diariodominicano.com\/index.php?rest_route=\/wp\/v2\/types\/post"}],"author":[{"embeddable":true,"href":"https:\/\/diariodominicano.com\/index.php?rest_route=\/wp\/v2\/users\/5"}],"replies":[{"embeddable":true,"href":"https:\/\/diariodominicano.com\/index.php?rest_route=%2Fwp%2Fv2%2Fcomments&post=289313"}],"version-history":[{"count":1,"href":"https:\/\/diariodominicano.com\/index.php?rest_route=\/wp\/v2\/posts\/289313\/revisions"}],"predecessor-version":[{"id":289315,"href":"https:\/\/diariodominicano.com\/index.php?rest_route=\/wp\/v2\/posts\/289313\/revisions\/289315"}],"wp:featuredmedia":[{"embeddable":true,"href":"https:\/\/diariodominicano.com\/index.php?rest_route=\/wp\/v2\/media\/289314"}],"wp:attachment":[{"href":"https:\/\/diariodominicano.com\/index.php?rest_route=%2Fwp%2Fv2%2Fmedia&parent=289313"}],"wp:term":[{"taxonomy":"category","embeddable":true,"href":"https:\/\/diariodominicano.com\/index.php?rest_route=%2Fwp%2Fv2%2Fcategories&post=289313"},{"taxonomy":"post_tag","embeddable":true,"href":"https:\/\/diariodominicano.com\/index.php?rest_route=%2Fwp%2Fv2%2Ftags&post=289313"}],"curies":[{"name":"wp","href":"https:\/\/api.w.org\/{rel}","templated":true}]}}