{"id":289310,"date":"2021-07-27T22:34:50","date_gmt":"2021-07-28T02:34:50","guid":{"rendered":"http:\/\/diariodominicano.com\/?p=289310"},"modified":"2021-07-27T22:34:50","modified_gmt":"2021-07-28T02:34:50","slug":"presidente-abinader-juramenta-393-nuevas-cooperativas-creadas-en-solo-cinco-meses","status":"publish","type":"post","link":"https:\/\/diariodominicano.com\/?p=289310","title":{"rendered":"Presidente Abinader juramenta 393 nuevas cooperativas creadas en solo cinco meses"},"content":{"rendered":"\n<p>diariodominicano.com<\/p>\n\n\n\n<p>Santo Domingo, R. D., 27 de julio, 2021.- En un hecho sin precedentes, el presidente Luis Abinader jurament\u00f3 este martes un total de 393 nuevas cooperativas del Instituto de Desarrollo y Cr\u00e9dito Cooperativo (IDECOOP), siendo esta la cifra m\u00e1s alta alcanzada por la instituci\u00f3n en sus 58 a\u00f1os.<\/p>\n\n\n\n<p>\u201cAhora abrimos un camino de cooperativismo reforzado para dar a la Rep\u00fablica Dominicana un instrumento necesario para todo progreso, la implicaci\u00f3n de su gente\u201d, asegur\u00f3 el mandatario.<\/p>\n\n\n\n<p>A\u00f1adi\u00f3 que es un vector de crecimiento potente con el que \u201cestamos impulsando la econom\u00eda social y solidaria a trav\u00e9s del IDECOOP, a fin de fomentar y desarrollar el Cooperativismo en Rep\u00fablica Dominicana y que no quede ning\u00fan sector de la econom\u00eda dominicana sin atenci\u00f3n\u201d.<\/p>\n\n\n\n<p>Mientras, el administrador del IDECOOP, Franco De Los Santos, revel\u00f3 que estas cooperativas est\u00e1n integradas por 17,595 socios o familias e impactan a m\u00e1s 70 mil ciudadanos, promoviendo el cambio y desarrollo de sus comunidades.<\/p>\n\n\n\n<p>Adem\u00e1s, podr\u00edan generar en lo inmediato 1,564 empleos directos y cerca de 7,820 empleos indirectos; as\u00ed como regular a poco m\u00e1s de 1,500 empresas, de las cuales, solo 17 cuentan con activos que superan los 127 mil millones de pesos.<\/p>\n\n\n\n<p>\u201cLa meta del a\u00f1o 2021 es de 804, por lo que estamos seguros de que al mes de diciembre habremos sobrepasado con creces esta meta y tambi\u00e9n se expandir\u00e1 al 100% de los municipios del pa\u00eds\u201d, concluy\u00f3 De Los Santos.<\/p>\n\n\n\n<p>De las nuevas cooperativas, 83 pertenecen a los sectores agropecuario y servicios m\u00faltiples; otras 200 son de ahorro y cr\u00e9dito y 110 son de producci\u00f3n y trabajo, salones de belleza, barber\u00edas, colmados y otras \u00e1reas.<\/p>\n\n\n\n<p>El mayor n\u00famero registrado en una sola demarcaci\u00f3n, fue en Santo Domingo, con un total de 113 nuevas cooperativas, seguido de la regi\u00f3n sur, con 131; el Cibao, con 121, y la regi\u00f3n este con 28.<\/p>\n\n\n\n<p>La presidenta de la Cooperativa de Producci\u00f3n, Trabajo y Servicios M\u00faltiples de Alimentos Escolares, Saghasiehany De Jes\u00fas Bencosme (Chany), aplaudi\u00f3 el apoyo del presidente Luis Abinader al trabajo en equipo y la participaci\u00f3n de la mujer para el desarrollo del pa\u00eds, as\u00ed como el seguimiento y capacitaci\u00f3n por parte del IDECCOP para obtener resultados favorables.<\/p>\n\n\n\n<p>La incorporaci\u00f3n de estas 393 cooperativas a la econom\u00eda nacional fue posible gracias a la transformaci\u00f3n digital asumida por el IDECOOP desde el mes de agosto de 2020, creando una oficina virtual a trav\u00e9s de la cual se sometieron todos los expedientes y solicitudes.<\/p>\n\n\n\n<p>Adem\u00e1s, es una plataforma \u00fatil para su regulaci\u00f3n, fiscalizaci\u00f3n y otros procesos de gesti\u00f3n.<\/p>\n\n\n\n<p>Asimismo, esta herramienta permiti\u00f3 superar la meta de 354 nuevas cooperativas, alcanzando el total de 393, es decir 39 m\u00e1s que las planificadas.<\/p>\n\n\n\n<p>En el acto estuvieron presentes el ministro de Agricultura, Limber Cruz; la subdirectora ejecutiva general del IDECOOP, Lisette Jim\u00e9nez; el presidente interino del COONACOP, Manuel Enrique Qui\u00f1ones y el diputado y cooperativista, Julio Fulcar.<\/p>\n\n\n\n<p>Fuente:  Direcci\u00f3n de Prensa<\/p>\n\n\n\n<p>Presidencia de la Rep\u00fablica Dominicana<\/p>\n","protected":false},"excerpt":{"rendered":"<p>diariodominicano.com Santo Domingo, R. D., 27 de julio, 2021.- En un hecho sin precedentes, el presidente Luis Abinader jurament\u00f3 este martes un total de 393 nuevas cooperativas del Instituto de Desarrollo y Cr\u00e9dito Cooperativo (IDECOOP), siendo esta la cifra m\u00e1s alta alcanzada por la instituci\u00f3n en sus 58 a\u00f1os. \u201cAhora abrimos un camino de cooperativismo [&hellip;]<\/p>\n","protected":false},"author":5,"featured_media":289311,"comment_status":"closed","ping_status":"","sticky":true,"template":"","format":"standard","meta":{"footnotes":""},"categories":[23,27],"tags":[],"class_list":["post-289310","post","type-post","status-publish","format-standard","has-post-thumbnail","hentry","category-internacional","category-portada"],"_links":{"self":[{"href":"https:\/\/diariodominicano.com\/index.php?rest_route=\/wp\/v2\/posts\/289310","targetHints":{"allow":["GET"]}}],"collection":[{"href":"https:\/\/diariodominicano.com\/index.php?rest_route=\/wp\/v2\/posts"}],"about":[{"href":"https:\/\/diariodominicano.com\/index.php?rest_route=\/wp\/v2\/types\/post"}],"author":[{"embeddable":true,"href":"https:\/\/diariodominicano.com\/index.php?rest_route=\/wp\/v2\/users\/5"}],"replies":[{"embeddable":true,"href":"https:\/\/diariodominicano.com\/index.php?rest_route=%2Fwp%2Fv2%2Fcomments&post=289310"}],"version-history":[{"count":1,"href":"https:\/\/diariodominicano.com\/index.php?rest_route=\/wp\/v2\/posts\/289310\/revisions"}],"predecessor-version":[{"id":289312,"href":"https:\/\/diariodominicano.com\/index.php?rest_route=\/wp\/v2\/posts\/289310\/revisions\/289312"}],"wp:featuredmedia":[{"embeddable":true,"href":"https:\/\/diariodominicano.com\/index.php?rest_route=\/wp\/v2\/media\/289311"}],"wp:attachment":[{"href":"https:\/\/diariodominicano.com\/index.php?rest_route=%2Fwp%2Fv2%2Fmedia&parent=289310"}],"wp:term":[{"taxonomy":"category","embeddable":true,"href":"https:\/\/diariodominicano.com\/index.php?rest_route=%2Fwp%2Fv2%2Fcategories&post=289310"},{"taxonomy":"post_tag","embeddable":true,"href":"https:\/\/diariodominicano.com\/index.php?rest_route=%2Fwp%2Fv2%2Ftags&post=289310"}],"curies":[{"name":"wp","href":"https:\/\/api.w.org\/{rel}","templated":true}]}}