{"id":289304,"date":"2021-07-27T22:24:44","date_gmt":"2021-07-28T02:24:44","guid":{"rendered":"http:\/\/diariodominicano.com\/?p=289304"},"modified":"2021-07-27T22:25:45","modified_gmt":"2021-07-28T02:25:45","slug":"ministro-paliza-informe-ee-uu-resalta-esfuerzos-realizados-por-este-gobierno-contra-la-corrupcion","status":"publish","type":"post","link":"https:\/\/diariodominicano.com\/?p=289304","title":{"rendered":"Ministro Paliza: \u201cInforme EE. UU resalta esfuerzos realizados por este gobierno contra la corrupci\u00f3n\u201d"},"content":{"rendered":"\n<p>diariodominicano.com<\/p>\n\n\n\n<p>Santo Domingo, R. D.,  27 de julio, 2021.- Tras se\u00f1alar los esfuerzos que hace el gobierno que dirige el presidente Luis\u00a0Abinader\u00a0en pro de la transparencia, el ministro Administrativo de la Presidencia, Jos\u00e9 Ignacio Paliza,\u00a0explic\u00f3 que en su ep\u00edgrafe 9 el informe del Departamento de Estado de\u00a0EE.\u00a0UU\u00a0sobre el clima de inversi\u00f3n en 2020 en Rep\u00fablica Dominicana, cita los actos de corrupci\u00f3n que se cometieron en gobiernos del pasado.\u00a0<\/p>\n\n\n\n<p>Agreg\u00f3 que incluso, el resumen ejecutivo destaca los esfuerzos del jefe de Estado dominicano para generar un antes y un despu\u00e9s, con un importante paso como la designaci\u00f3n de un Ministerio P\u00fablico independiente.&nbsp;<\/p>\n\n\n\n<p>\u201cSon muchos los cambios que debemos seguir emprendiendo y el presidente&nbsp;Abinader&nbsp;desde el primer d\u00eda en gobierno ha estado a la altura de las circunstancias para romper con las pr\u00e1cticas del pasado\u201d, afirm\u00f3 Paliza.&nbsp;<\/p>\n\n\n\n<p>En ese orden, enfatiz\u00f3 el inter\u00e9s manifestado por inversionistas nacionales y extranjeros en el desarrollo de importantes proyectos en el pa\u00eds, gracias a las acciones del gobierno en procura de recobrar la confianza, reputaci\u00f3n y garant\u00eda en las negociaciones. &nbsp;<\/p>\n\n\n\n<p>Asimismo, dijo que cualquier ciudadano, dominicano o extranjero, que conozca de actos contrarios a la\u00a0ley por parte de funcionarios del pasado y del presente, lo hagan de conocimiento ante las autoridades correspondientes para que reciban el curso de lugar\u00a0su\u00a0acusaciones.<\/p>\n\n\n\n<p>Fuente: Direcci\u00f3n de Prensa<\/p>\n\n\n\n<p>Presidencia de la Rep\u00fablica Dominicana<\/p>\n","protected":false},"excerpt":{"rendered":"<p>diariodominicano.com Santo Domingo, R. D., 27 de julio, 2021.- Tras se\u00f1alar los esfuerzos que hace el gobierno que dirige el presidente Luis\u00a0Abinader\u00a0en pro de la transparencia, el ministro Administrativo de la Presidencia, Jos\u00e9 Ignacio Paliza,\u00a0explic\u00f3 que en su ep\u00edgrafe 9 el informe del Departamento de Estado de\u00a0EE.\u00a0UU\u00a0sobre el clima de inversi\u00f3n en 2020 en Rep\u00fablica [&hellip;]<\/p>\n","protected":false},"author":5,"featured_media":289306,"comment_status":"closed","ping_status":"","sticky":true,"template":"","format":"standard","meta":{"footnotes":""},"categories":[20,27],"tags":[],"class_list":["post-289304","post","type-post","status-publish","format-standard","has-post-thumbnail","hentry","category-dominicana-hoy","category-portada"],"_links":{"self":[{"href":"https:\/\/diariodominicano.com\/index.php?rest_route=\/wp\/v2\/posts\/289304","targetHints":{"allow":["GET"]}}],"collection":[{"href":"https:\/\/diariodominicano.com\/index.php?rest_route=\/wp\/v2\/posts"}],"about":[{"href":"https:\/\/diariodominicano.com\/index.php?rest_route=\/wp\/v2\/types\/post"}],"author":[{"embeddable":true,"href":"https:\/\/diariodominicano.com\/index.php?rest_route=\/wp\/v2\/users\/5"}],"replies":[{"embeddable":true,"href":"https:\/\/diariodominicano.com\/index.php?rest_route=%2Fwp%2Fv2%2Fcomments&post=289304"}],"version-history":[{"count":2,"href":"https:\/\/diariodominicano.com\/index.php?rest_route=\/wp\/v2\/posts\/289304\/revisions"}],"predecessor-version":[{"id":289309,"href":"https:\/\/diariodominicano.com\/index.php?rest_route=\/wp\/v2\/posts\/289304\/revisions\/289309"}],"wp:featuredmedia":[{"embeddable":true,"href":"https:\/\/diariodominicano.com\/index.php?rest_route=\/wp\/v2\/media\/289306"}],"wp:attachment":[{"href":"https:\/\/diariodominicano.com\/index.php?rest_route=%2Fwp%2Fv2%2Fmedia&parent=289304"}],"wp:term":[{"taxonomy":"category","embeddable":true,"href":"https:\/\/diariodominicano.com\/index.php?rest_route=%2Fwp%2Fv2%2Fcategories&post=289304"},{"taxonomy":"post_tag","embeddable":true,"href":"https:\/\/diariodominicano.com\/index.php?rest_route=%2Fwp%2Fv2%2Ftags&post=289304"}],"curies":[{"name":"wp","href":"https:\/\/api.w.org\/{rel}","templated":true}]}}