{"id":289281,"date":"2021-07-27T21:51:20","date_gmt":"2021-07-28T01:51:20","guid":{"rendered":"http:\/\/diariodominicano.com\/?p=289281"},"modified":"2021-07-27T21:51:20","modified_gmt":"2021-07-28T01:51:20","slug":"ministerio-publico-pide-10-anos-de-prision-para-angel-rondon-rijo-y-victor-diaz-rua-ademas-del-decomiso-de-bienes","status":"publish","type":"post","link":"https:\/\/diariodominicano.com\/?p=289281","title":{"rendered":"Ministerio P\u00fablico pide 10 a\u00f1os de prisi\u00f3n para \u00c1ngel Rond\u00f3n Rijo y V\u00edctor D\u00edaz R\u00faa, adem\u00e1s del decomiso de bienes"},"content":{"rendered":"\n<p>diariodominicano.com<\/p>\n\n\n\n<p><br><strong>Santo Domingo, R. D., 27 de julio, 2021.-<\/strong>\u00a0El Ministerio P\u00fablico solicit\u00f3 condena de 10 a\u00f1os de prisi\u00f3n contra \u00c1ngel Rond\u00f3n Rijo y V\u00edctor D\u00edaz R\u00faa, as\u00ed como el decomiso de bienes, por su responsabilidad penal en el caso que se le sigue por recibir y distribuir los sobornos que Odebrecht admite que reparti\u00f3 en Rep\u00fablica Dominicana para agenciarse la adjudicaci\u00f3n de obras estatales.<\/p>\n\n\n\n<p>Para el imputado Conrado Pittaluga&nbsp;Arzeno, los fiscales de la Procuradur\u00eda Especializada de Persecuci\u00f3n de la Corrupci\u00f3n Administrativa (Pepca) solicitaron una pena de siete a\u00f1os de prisi\u00f3n, mientras que para los coimputados Tommy Alberto Gal\u00e1n Grull\u00f3n, Porfirio Andr\u00e9s Bautista Garc\u00eda y Juan Roberto Rodr\u00edguez Hern\u00e1ndez solicitaron cinco a\u00f1os.<\/p>\n\n\n\n<p>El Ministerio P\u00fablico pidi\u00f3, adem\u00e1s, que todos los encartados sean condenados al pago de una multa de 200 salarios m\u00ednimos, que se ordene el decomiso de bienes en favor y provecho del Estado dominicano y que sean sentenciados al pago de las costas del proceso.<\/p>\n\n\n\n<p>Tambi\u00e9n, pidi\u00f3 el decomiso de productos financieros y cientos de bienes muebles e inmuebles obtenidos de manera il\u00edcita por los procesados en este caso de corrupci\u00f3n administrativa.<\/p>\n\n\n\n<p>\u201cNosotros estamos seguros, y la seguridad nos la da que siempre hemos obrado con relaci\u00f3n a la verdad, en que hemos presentado pruebas legalmente obtenidas y en que ninguna de las pruebas de la defensa, que ya se aportaron antes, hacen variar las pruebas del Ministerio P\u00fablico\u201d, explic\u00f3 la fiscal Mirna Ortiz, coordinadora de Litigaci\u00f3n de la Pepca.<\/p>\n\n\n\n<p>\u201cEl Ministerio P\u00fablico en el d\u00eda de hoy ha cumplido con la promesa que le hicimos al pueblo dominicano de que \u00edbamos a demostrar ante este tribunal la responsabilidad de los implicados en el caso Odebrecht, responsabilidad esta que qued\u00f3 demostrada con cada uno de los elementos de prueba\u201d, dijo.<\/p>\n\n\n\n<p>Resalt\u00f3 la \u201cuni\u00f3n arm\u00f3nica\u201d de todas las evidencias, alcanzada por los fiscales en los argumentos conclusivos del juicio de fondo que lleva el Primer Tribunal Colegiado del Distrito Nacional. \u201cPruebas que este Ministerio P\u00fablico present\u00f3 durante estos ochos meses de audiencia en el tribunal y pruebas que inequ\u00edvocamente conducir\u00e1n a la condena de los imputados\u201d, sostuvo.<\/p>\n\n\n\n<p>Plante\u00f3 que el \u00f3rgano de la persecuci\u00f3n penal dej\u00f3 claramente probado ante el tribunal, y con fuertes evidencias, la participaci\u00f3n de los imputados en la comisi\u00f3n de delitos de corrupci\u00f3n y lavado de activos.<\/p>\n\n\n\n<p>Sostuvo que el Ministerio P\u00fablico ya inform\u00f3, como lo plante\u00f3 el procurador adjunto Wilson Camacho, que la Pepca y la Direcci\u00f3n General de Persecuci\u00f3n del Ministerio P\u00fablico realizan una investigaci\u00f3n denominada Odebrecht 2.0, de la cual \u201ctodos ver\u00e1n los resultados\u201d.<\/p>\n\n\n\n<p>Record\u00f3 que en los alegatos de clausura los fiscales litigantes recogen toda la informaci\u00f3n que sirvieron al tribunal de manera dispersa en los \u00faltimos meses, \u201cen un alegato coherente que muestre al tribunal c\u00f3mo ocurrieron los hechos\u201d.<\/p>\n\n\n\n<p>La fiscal Ortiz respondi\u00f3 preguntas de los periodistas que la abordaron en el Palacio de Justicia de Ciudad Nueva, tras concluir la audiencia de este martes.<\/p>\n\n\n\n<p>Record\u00f3 que la procuradora general de la Rep\u00fablica se mantiene ajena al proceso. \u201cComo todos ustedes saben, la magistrada Miriam Germ\u00e1n se ha inhibido formalmente del caso Odebrecht, tras en la Suprema Corte de Justicia, haber quedado evidenciado, por ella misma, que ten\u00eda un v\u00ednculo de amistad con el se\u00f1or V\u00edctor D\u00edaz\u201d, a\u00f1adi\u00f3.<\/p>\n\n\n\n<p>\u201cEso no es un secreto para nadie, y en base a esa realidad, la magistrada, de manera correcta, cuando llega al Ministerio P\u00fablico, decide apartarse de este proceso, por tanto, para este caso la magistrada Miriam Germ\u00e1n no funge como procuradora general de la Rep\u00fablica, sino que esa responsabilidad recae sobre Rodolfo Espi\u00f1eira\u201d, explic\u00f3.<\/p>\n\n\n\n<p>Durante la audiencia de este martes, el fiscal Wagner Cubilete, quien forma parte del equipo litigante del Ministerio P\u00fablico, inici\u00f3 con la solicitud de decomiso de bienes propiedad del imputado Rond\u00f3n Rijo, luego de que el Ministerio P\u00fablico estableciera que se enriqueci\u00f3 il\u00edcitamente producto de sus actividades con Odebrecht a quien sirvi\u00f3 como representante comercial en el pa\u00eds.&nbsp;<\/p>\n\n\n\n<p>El Ministerio P\u00fablico pidi\u00f3 al tribunal que sean decomisados diferentes inmuebles ubicados en la Torre Caney, de la avenida Anacaona, en el Distrito Nacional, as\u00ed como en Ban\u00ed, provincia Peravia; Las Terrenas, en Saman\u00e1; San Pedro de Macor\u00eds, El Seibo, Hig\u00fcey, La Altagracia y otras localidades del pa\u00eds, adem\u00e1s de certificados de t\u00edtulos, certificados de inversi\u00f3n y cuentas corrientes y de ahorro en pesos y d\u00f3lares de diferentes entidades bancarias.<\/p>\n\n\n\n<p>De igual manera, solicit\u00f3 que sean confiscados los bienes muebles e inmuebles de los dem\u00e1s encartados.<\/p>\n\n\n\n<p>En el caso del imputado V\u00edctor Jos\u00e9 D\u00edaz R\u00faa, solicit\u00f3 la confiscaci\u00f3n del yate de recreo La Balbi, de 60 pies de eslora, adem\u00e1s de certificados de inversi\u00f3n e igualmente cuentas en pesos y d\u00f3lares de distintos bancos.<\/p>\n\n\n\n<p>Desde ayer lunes el Ministerio P\u00fablico inici\u00f3 la presentaci\u00f3n de sus alegatos de clausura sobre la acusaci\u00f3n contra los seis implicados en el caso de los US$92 millones de soborno que distribuy\u00f3 Odebrecht para lograr la adjudicaci\u00f3n de obras en la Rep\u00fablica Dominicana.<\/p>\n\n\n\n<p>En el proceso el Ministerio P\u00fablico estableci\u00f3 que Rond\u00f3n Rijo constituy\u00f3 un entramado societario conformado por varias empresas que sirvieron para lavar dinero il\u00edcito.<\/p>\n\n\n\n<p>Plante\u00f3 que el imputado Rond\u00f3n Rijo, como parte de sus actividades para el lavado de activos, realizaba transferencias de fondos que son fruto del soborno desde las empresas de su propiedad Lashan y Conamsa hacia otras de sus firmas.<\/p>\n\n\n\n<p>Destac\u00f3 que en las pruebas correspondientes a los informes financieros aportadas por el Ministerio P\u00fablico se evidencian las transacciones realizadas desde el Departamento de Operaciones Estructuradas de Odebrecht a las cuentas de compa\u00f1\u00edas del procesado.&nbsp;<\/p>\n\n\n\n<p>Respecto al exsenador de San Crist\u00f3bal Tommy Alberto Gal\u00e1n Grull\u00f3n, estableci\u00f3 que aument\u00f3 sus ingresos de forma ileg\u00edtima, destacando que su crecimiento patrimonial se produjo cuando la empresa Odebrecht estaba en pleno apogeo, \u201ccuando se estaban desarrollando las obras de importancia que realiz\u00f3 esa compa\u00f1\u00eda en el pa\u00eds\u201d.<\/p>\n\n\n\n<p>Los fiscales tambi\u00e9n probaron que el acusado Bautista Garc\u00eda exhibi\u00f3 un enriquecimiento de m\u00e1s de m\u00e1s de 1,090 millones de pesos. En su participaci\u00f3n presentaron al tribunal una lista de bienes inmuebles que fueron excluidos por el imputado en su declaraci\u00f3n jurada de patrimonio.<\/p>\n\n\n\n<p>En relaci\u00f3n con el procesado Rodr\u00edguez Hern\u00e1ndez, demostraron que ocult\u00f3 informaciones relevantes en sus declaraciones juradas, adem\u00e1s de que no declar\u00f3 varias sociedades comerciales de las cuales formaba parte, entre ellas, algunas de las que ten\u00eda el 50% de las acciones, seg\u00fan las pruebas obtenidas.&nbsp;<\/p>\n\n\n\n<p>Durante el juicio qued\u00f3 demostrado que incurri\u00f3 en actividades de lavado de activos, enriquecimiento il\u00edcito y falsedad en declaraciones juradas.<\/p>\n\n\n\n<p>Asimismo, se evidenci\u00f3 que el imputado D\u00edaz R\u00faa aument\u00f3 de manera exagerada su patrimonio mientras se desempe\u00f1\u00f3 como funcionario p\u00fablico entre 2004 y 2012, per\u00edodo en el que firm\u00f3, a nombre del Estado, diversos contratos con la constructora brasile\u00f1a.<\/p>\n\n\n\n<p>En la declaraci\u00f3n jurada de 2004, el encartado report\u00f3 activos por RD$63,532,898, mientras que en 2006 aument\u00f3 en RD$87,575,748.88, para situarse en RD$151,108,646.88, elevando su patrimonio declarado de manera exorbitante en 2008 a la suma de RD$414,083,066.53.<\/p>\n\n\n\n<p>Adem\u00e1s, el Ministerio P\u00fablico demostr\u00f3 que el imputado Pittaluga Arzeno incurri\u00f3 en&nbsp; complicidad en soborno o cohecho de funcionarios y que adem\u00e1s actu\u00f3 en complicidad con D\u00edaz R\u00faa en el soborno y lavado de activos.<\/p>\n\n\n\n<p>Las juezas Esmirna Giselle M\u00e9ndez, Tania Yunes y Jissel Naranjo dispusieron la continuaci\u00f3n del juicio para el pr\u00f3ximo jueves, cuando el imputado Rond\u00f3n Rijo iniciar\u00e1 con la presentaci\u00f3n de su discurso de clausura.<\/p>\n\n\n\n<p>Fuente: <strong>Direcci\u00f3n de Comunicaci\u00f3n y Prensa<\/strong><\/p>\n\n\n\n<p><strong>Procuradur\u00eda General-Ministerio P\u00fablico RD<\/strong><\/p>\n\n\n\n<p><strong>Martes, 27 de julio de 2021.<\/strong><\/p>\n\n\n\n<p><strong>Direcci\u00f3n General de Comunicaciones, Prensa y Relaciones P\u00fablicas<\/strong><\/p>\n\n\n\n<p>Procuradur\u00eda General de la Rep\u00fablica Dominicana<\/p>\n","protected":false},"excerpt":{"rendered":"<p>diariodominicano.com Santo Domingo, R. D., 27 de julio, 2021.-\u00a0El Ministerio P\u00fablico solicit\u00f3 condena de 10 a\u00f1os de prisi\u00f3n contra \u00c1ngel Rond\u00f3n Rijo y V\u00edctor D\u00edaz R\u00faa, as\u00ed como el decomiso de bienes, por su responsabilidad penal en el caso que se le sigue por recibir y distribuir los sobornos que Odebrecht admite que reparti\u00f3 en [&hellip;]<\/p>\n","protected":false},"author":5,"featured_media":289285,"comment_status":"closed","ping_status":"","sticky":true,"template":"","format":"standard","meta":{"footnotes":""},"categories":[24,27],"tags":[],"class_list":["post-289281","post","type-post","status-publish","format-standard","has-post-thumbnail","hentry","category-justicia-y-derecho","category-portada"],"_links":{"self":[{"href":"https:\/\/diariodominicano.com\/index.php?rest_route=\/wp\/v2\/posts\/289281","targetHints":{"allow":["GET"]}}],"collection":[{"href":"https:\/\/diariodominicano.com\/index.php?rest_route=\/wp\/v2\/posts"}],"about":[{"href":"https:\/\/diariodominicano.com\/index.php?rest_route=\/wp\/v2\/types\/post"}],"author":[{"embeddable":true,"href":"https:\/\/diariodominicano.com\/index.php?rest_route=\/wp\/v2\/users\/5"}],"replies":[{"embeddable":true,"href":"https:\/\/diariodominicano.com\/index.php?rest_route=%2Fwp%2Fv2%2Fcomments&post=289281"}],"version-history":[{"count":1,"href":"https:\/\/diariodominicano.com\/index.php?rest_route=\/wp\/v2\/posts\/289281\/revisions"}],"predecessor-version":[{"id":289286,"href":"https:\/\/diariodominicano.com\/index.php?rest_route=\/wp\/v2\/posts\/289281\/revisions\/289286"}],"wp:featuredmedia":[{"embeddable":true,"href":"https:\/\/diariodominicano.com\/index.php?rest_route=\/wp\/v2\/media\/289285"}],"wp:attachment":[{"href":"https:\/\/diariodominicano.com\/index.php?rest_route=%2Fwp%2Fv2%2Fmedia&parent=289281"}],"wp:term":[{"taxonomy":"category","embeddable":true,"href":"https:\/\/diariodominicano.com\/index.php?rest_route=%2Fwp%2Fv2%2Fcategories&post=289281"},{"taxonomy":"post_tag","embeddable":true,"href":"https:\/\/diariodominicano.com\/index.php?rest_route=%2Fwp%2Fv2%2Ftags&post=289281"}],"curies":[{"name":"wp","href":"https:\/\/api.w.org\/{rel}","templated":true}]}}