{"id":289276,"date":"2021-07-27T21:37:12","date_gmt":"2021-07-28T01:37:12","guid":{"rendered":"http:\/\/diariodominicano.com\/?p=289276"},"modified":"2021-07-27T21:37:12","modified_gmt":"2021-07-28T01:37:12","slug":"vacunacion-redujo-muertes-por-covid-19-en-mas-de-un-40-en-brasil","status":"publish","type":"post","link":"https:\/\/diariodominicano.com\/?p=289276","title":{"rendered":"Vacunaci\u00f3n redujo muertes por COVID-19 en m\u00e1s de un 40% en Brasil"},"content":{"rendered":"\n<p>diariodominicano.com<a rel=\"noreferrer noopener\" href=\"http:\/\/home.xinhua-news.com\/gdsdetailxhs\/share\/9731960-?pageflag=iframe\" target=\"_blank\"><\/a><\/p>\n\n\n\n<pre id=\"text-news-description\" class=\"wp-block-preformatted\">   R\u00cdO DE JANEIRO, 27 jul (Xinhua) -- La vacunaci\u00f3n redujo en m\u00e1s de un 40 por ciento las muertes provocadas por el nuevo coronavirus (COVID-19) en Brasil durante el \u00faltimo mes, seg\u00fan datos divulgados hoy por el Ministerio de Salud.\n   La plataforma LocalizaSUS, del Ministerio de Salud, analiz\u00f3 los datos de la pandemia entre el 25 de junio y el 25 de julio, donde se aprecia que las muertes se redujeron un 42 por ciento durante el per\u00edodo: de una media m\u00f3vil de 1.920 a 1.170. En este per\u00edodo, cerca de 100 millones de brasile\u00f1os ya hab\u00edan tomado al menos una dosis de la vacuna contra la COVID-19.\n   Por su parte, el n\u00famero de casos se redujo en cerca del 40 por ciento en el mismo per\u00edodo, con una media el pasado domingo d\u00eda 25 de julio de 42.770 casos por d\u00eda.\n   Seg\u00fan los datos m\u00e1s recientes, la COVID-19 dej\u00f3 m\u00e1s de 550.000 fallecidos en Brasil y cerca de 20 millones de casos, que convierten el pa\u00eds en el segundo del mundo con m\u00e1s muertes y el tercero en casos.\n   Actualmente, Brasil ya super\u00f3 el 60 por ciento de vacunados entre su poblaci\u00f3n entre los mayores de edad, aunque el Ministerio alert\u00f3 que el porcentaje con la pauta completa es inferior a 40 millones de personas.\n   Para que las vacunas sean eficaces, el Ministerio alert\u00f3 que es necesario tomar las dos dosis necesarias. \"La medida refuerza el sistema inmunol\u00f3gico y reduce las posibilidades de infecci\u00f3n grave, grav\u00edsima, y principalmente, \u00f3bitos en ocurrencia de la COVID-19\", resalt\u00f3 el informe.\n   Hasta el 25 de julio, se han enviado a los estados 164,4 millones de dosis, incluyendo vacunas de la farmac\u00e9utica brit\u00e1nica AstraZeneca, la farmac\u00e9utica china Sinovac, Pfizer y Janssen.\n   \"Todas las vacunas est\u00e1n debidamente probadas, son seguras y tienen la autorizaci\u00f3n de la Agencia Nacional de Vigilancia Sanitaria (ANVISA) para ser aplicadas en los brazos de los brasile\u00f1os\", destac\u00f3 el Ministerio.\n   Hasta final de 2021, se espera que Brasil contrate m\u00e1s de 600 millones de dosis de vacunas contra la COVID-19.<\/pre>\n","protected":false},"excerpt":{"rendered":"<p>diariodominicano.com R\u00cdO DE JANEIRO, 27 jul (Xinhua) &#8212; La vacunaci\u00f3n redujo en m\u00e1s de un 40 por ciento las muertes provocadas por el nuevo coronavirus (COVID-19) en Brasil durante el \u00faltimo mes, seg\u00fan datos divulgados hoy por el Ministerio de Salud. La plataforma LocalizaSUS, del Ministerio de Salud, analiz\u00f3 los datos de la pandemia entre [&hellip;]<\/p>\n","protected":false},"author":5,"featured_media":289279,"comment_status":"closed","ping_status":"","sticky":true,"template":"","format":"standard","meta":{"footnotes":""},"categories":[23,27],"tags":[],"class_list":["post-289276","post","type-post","status-publish","format-standard","has-post-thumbnail","hentry","category-internacional","category-portada"],"_links":{"self":[{"href":"https:\/\/diariodominicano.com\/index.php?rest_route=\/wp\/v2\/posts\/289276","targetHints":{"allow":["GET"]}}],"collection":[{"href":"https:\/\/diariodominicano.com\/index.php?rest_route=\/wp\/v2\/posts"}],"about":[{"href":"https:\/\/diariodominicano.com\/index.php?rest_route=\/wp\/v2\/types\/post"}],"author":[{"embeddable":true,"href":"https:\/\/diariodominicano.com\/index.php?rest_route=\/wp\/v2\/users\/5"}],"replies":[{"embeddable":true,"href":"https:\/\/diariodominicano.com\/index.php?rest_route=%2Fwp%2Fv2%2Fcomments&post=289276"}],"version-history":[{"count":1,"href":"https:\/\/diariodominicano.com\/index.php?rest_route=\/wp\/v2\/posts\/289276\/revisions"}],"predecessor-version":[{"id":289280,"href":"https:\/\/diariodominicano.com\/index.php?rest_route=\/wp\/v2\/posts\/289276\/revisions\/289280"}],"wp:featuredmedia":[{"embeddable":true,"href":"https:\/\/diariodominicano.com\/index.php?rest_route=\/wp\/v2\/media\/289279"}],"wp:attachment":[{"href":"https:\/\/diariodominicano.com\/index.php?rest_route=%2Fwp%2Fv2%2Fmedia&parent=289276"}],"wp:term":[{"taxonomy":"category","embeddable":true,"href":"https:\/\/diariodominicano.com\/index.php?rest_route=%2Fwp%2Fv2%2Fcategories&post=289276"},{"taxonomy":"post_tag","embeddable":true,"href":"https:\/\/diariodominicano.com\/index.php?rest_route=%2Fwp%2Fv2%2Ftags&post=289276"}],"curies":[{"name":"wp","href":"https:\/\/api.w.org\/{rel}","templated":true}]}}