{"id":289261,"date":"2021-07-27T20:52:21","date_gmt":"2021-07-28T00:52:21","guid":{"rendered":"http:\/\/diariodominicano.com\/?p=289261"},"modified":"2021-07-27T20:52:21","modified_gmt":"2021-07-28T00:52:21","slug":"21-paises-han-confirmado-participacion-en-campeonato-panamericano-y-centroamericano","status":"publish","type":"post","link":"https:\/\/diariodominicano.com\/?p=289261","title":{"rendered":"21 pa\u00edses han confirmado participaci\u00f3n en Campeonato Panamericano y Centroamericano"},"content":{"rendered":"\n<p>SANTO DOMINGO.- La Federaci\u00f3n Dominicana de Ciclismo (Fedoci) inform\u00f3 en nota de prensa este martes que han confirmado 21 pa\u00edses para los dos eventos clasificatorios, uno para los Panamericanos Juveniles de Cali, otro para los Centroamericanos y del Caribe, de San Salvador.<\/p>\n\n\n\n<p>Los dos eventos de ruta, a correrse en el Mirador Sur, tienen fecha del 12 al 15 de agosto, inform\u00f3 Jorge Blas D\u00edaz, presidente de la\u00a0Fedoci.<\/p>\n\n\n\n<p>Hasta el momento, la&nbsp; Fedoci tiene una lista de pa\u00edses confirmados, ellos son: Curazao, Colombia, Ecuador, Venezuela, Hait\u00ed, Brasil, Paraguay, Guatemala, San Vicente, Bermudas, Barbados, Bolivia, Chile, Hondura, Gran Caim\u00e1n, San Mart\u00edn, Uruguay, Cuba, Granada, Costa Rica y Trinidad y Tobago.<\/p>\n\n\n\n<p>De esos 21 pa\u00edses, han sido inscritos 254 atletas.<\/p>\n\n\n\n<p>Los eventos tendr\u00e1n la supervisi\u00f3n de la Uni\u00f3n Ciclista Internacional y de la Confederaci\u00f3n Panamericana de ese&nbsp;deporte, ya que son puntuables para el ranking.<\/p>\n\n\n\n<p>Este viernes 30 en el Comit\u00e9 Ol\u00edmpico Dominicano, a las 11 de la ma\u00f1ana, se dar\u00e1n a conocer todos los pormenores de los dos eventos, adem\u00e1s de que se anunciar\u00e1 el presidente del comit\u00e9 organizador. &nbsp;<\/p>\n\n\n\n<p>El evento tiene como soporte a la OMSA, instituci\u00f3n que movilizar\u00e1 a los atletas y t\u00e9cnicos; los Comedores Econ\u00f3micos, que suplir\u00e1 la alimentaci\u00f3n; adem\u00e1s de la Alcald\u00eda del Distrito Nacional (ADN), en nombre de la alcaldesa Carolina Mej\u00eda. Los Ministerios de Salud y Deportes, y el Comit\u00e9 Ol\u00edmpico Dominicano <\/p>\n","protected":false},"excerpt":{"rendered":"<p>SANTO DOMINGO.- La Federaci\u00f3n Dominicana de Ciclismo (Fedoci) inform\u00f3 en nota de prensa este martes que han confirmado 21 pa\u00edses para los dos eventos clasificatorios, uno para los Panamericanos Juveniles de Cali, otro para los Centroamericanos y del Caribe, de San Salvador. Los dos eventos de ruta, a correrse en el Mirador Sur, tienen fecha [&hellip;]<\/p>\n","protected":false},"author":7,"featured_media":289268,"comment_status":"closed","ping_status":"","sticky":true,"template":"","format":"standard","meta":{"footnotes":""},"categories":[17,27],"tags":[],"class_list":["post-289261","post","type-post","status-publish","format-standard","has-post-thumbnail","hentry","category-deportes","category-portada"],"_links":{"self":[{"href":"https:\/\/diariodominicano.com\/index.php?rest_route=\/wp\/v2\/posts\/289261","targetHints":{"allow":["GET"]}}],"collection":[{"href":"https:\/\/diariodominicano.com\/index.php?rest_route=\/wp\/v2\/posts"}],"about":[{"href":"https:\/\/diariodominicano.com\/index.php?rest_route=\/wp\/v2\/types\/post"}],"author":[{"embeddable":true,"href":"https:\/\/diariodominicano.com\/index.php?rest_route=\/wp\/v2\/users\/7"}],"replies":[{"embeddable":true,"href":"https:\/\/diariodominicano.com\/index.php?rest_route=%2Fwp%2Fv2%2Fcomments&post=289261"}],"version-history":[{"count":1,"href":"https:\/\/diariodominicano.com\/index.php?rest_route=\/wp\/v2\/posts\/289261\/revisions"}],"predecessor-version":[{"id":289269,"href":"https:\/\/diariodominicano.com\/index.php?rest_route=\/wp\/v2\/posts\/289261\/revisions\/289269"}],"wp:featuredmedia":[{"embeddable":true,"href":"https:\/\/diariodominicano.com\/index.php?rest_route=\/wp\/v2\/media\/289268"}],"wp:attachment":[{"href":"https:\/\/diariodominicano.com\/index.php?rest_route=%2Fwp%2Fv2%2Fmedia&parent=289261"}],"wp:term":[{"taxonomy":"category","embeddable":true,"href":"https:\/\/diariodominicano.com\/index.php?rest_route=%2Fwp%2Fv2%2Fcategories&post=289261"},{"taxonomy":"post_tag","embeddable":true,"href":"https:\/\/diariodominicano.com\/index.php?rest_route=%2Fwp%2Fv2%2Ftags&post=289261"}],"curies":[{"name":"wp","href":"https:\/\/api.w.org\/{rel}","templated":true}]}}