{"id":289260,"date":"2021-07-27T19:49:52","date_gmt":"2021-07-27T23:49:52","guid":{"rendered":"http:\/\/diariodominicano.com\/?p=289260"},"modified":"2021-07-27T19:53:06","modified_gmt":"2021-07-27T23:53:06","slug":"maestros-de-la-fuerza-del-pueblo-presentan-candidatos-para-las-elecciones-de-la-adp","status":"publish","type":"post","link":"https:\/\/diariodominicano.com\/?p=289260","title":{"rendered":"Maestros de la Fuerza del Pueblo, presentan candidatos para las elecciones de la ADP"},"content":{"rendered":"\n<p>Santo Domingo.- La Fuerza Magisterial, corriente de maestros de la Fuerza del Pueblo, present\u00f3 este martes sus candidatos a las elecciones de la Asociaci\u00f3n Dominicana de Profesores (ADP).<\/p>\n\n\n\n<p>En el acto de presentaci\u00f3n de candidatos, efectuado en la sede nacional de la ADP, al hacer hacer la introducci\u00f3n, el profesor Juan Baez, dijo que, la Fuerza Magisterial es una fuerza nueva, pero con ra\u00edces, \u00abLa Fuerza Magisterial, es una fuerza nueva, pero con ra\u00edces, que tiene maestros organizados en las 155 seccionales de la ADP, y presentar\u00e1 candidatos en todas las demarcaciones para participar en las elecciones de octubre de este a\u00f1o\u00bb. <\/p>\n\n\n\n<p>De su lado, el candidato presidencial nacional, profesor Tom\u00e1s Pichardo, expres\u00f3 que, al asumir la representaci\u00f3n de la Fuerza Magisterial, lo hacen conscientes de que es una corriente de naturaleza progresista, democr\u00e1tica, abierta y participativa, que nace para luchar por una educaci\u00f3n p\u00fablica y de calidad, integral e inclusiva. C\u00f3nsona con las aspiraciones de una sociedad del siglo XXl.<\/p>\n\n\n\n<p>\u00abActuaremos al interior de las instituciones del magisterio, respetando sus cauces democr\u00e1ticos institucionales, para alcanzar que los docentes podamos obtener un salario digno por capacidad, viviendas decentes, formaci\u00f3n cient\u00edfico-pedag\u00f3gica, recreaci\u00f3n planificada, calidad de vida, jubilaciones y pensiones dignas, premiaciones al esfuerzo y desarrollo intelectual y otras condiciones que eleven adecuadamente nuestro ejercicio social y profesional\u00bb, agreg\u00f3 el maestro.<\/p>\n\n\n\n<p>Pichardo, que tambi\u00e9n es abogado, con especialidad en seguridad social, manifest\u00f3 que, en este momento de pandemia, la Rep\u00fablica Dominicana demanda de transformaciones profundas y adecuaciones del sistema educativo para responder a la crisis socio-econ\u00f3mica fruto del impacto del coronavirus (COVID 19), donde la educaci\u00f3n y la labor docente juegan un rol fundamental.<\/p>\n\n\n\n<p>\u00abImpulsaremos un liderazgo responsable, que proyecte con nuestras acciones el rescate de la Asociaci\u00f3n Dominicana de Profesores-ADP, en el presente y futuro pr\u00f3ximo\u00bb, agreg\u00f3.<\/p>\n\n\n\n<p>Reconoci\u00f3 igualmente que los maestros y maestras est\u00e1n llamados a desempe\u00f1ar un papel preponderante en la construcci\u00f3n de una mejor sociedad, un mejor pa\u00eds y de una naci\u00f3n verdaderamente competitiva y productiva.<br>\u00abEs fundamental contribuir en la creaci\u00f3n de una ciudadan\u00eda que ejerza plenamente sus derechos y cumpla adecuadamente con sus deberes\u00bb, puntualiz\u00f3.<\/p>\n\n\n\n<p>Finalmente, Pichardo invit\u00f3 a los maestros y maestras, a abrazar la causa de la Fuerza Magisterial, que contempla desarrollar un plan de acciones por el rescate de la ADP, la calidad de la educaci\u00f3n y la dignificaci\u00f3n docente; basado en cinco ejes program\u00e1ticos que han descrito. 1 &#8211; Acciones en el \u00e1rea de fortalecimiento institucional de la ADP, 2 &#8211; Acciones reivindicativas, 3 &#8211; Acciones Cient\u00edfico- Educativa, 4 &#8211; Acciones Sociales, y 5 &#8211; Acciones Centradas en la Escuela.<\/p>\n\n\n\n<p>Sobre el candidato nacional:<\/p>\n\n\n\n<p>Tom\u00e1s Pichardo Mart\u00ednez, es licenciado en educaci\u00f3n y licenciado en derecho, con especialidad en Seguridad Social.<\/p>\n\n\n\n<ul class=\"wp-block-list\"><li>Ocup\u00f3 la Secretar\u00eda Nacional de Seguridad Social de la ADP, igualmente la representaci\u00f3n del Sindicato en el Consejo de Administraci\u00f3n de la ARS SEMMA.<\/li><li>Coordin\u00f3 el Programa de Hermandad Binacional entre Cuba y Rep\u00fablica Dominicana,&nbsp;<\/li><li>Miembro Delegado de la ADP en la Revisi\u00f3n del Documento Final del Pacto Nacional por la Reforma de la Educaci\u00f3n.<\/li><li>Miembro de la Comisi\u00f3n de Evaluaci\u00f3n Docente.<\/li><\/ul>\n\n\n\n<p>Secretar\u00eda de Comunicaci\u00f3n<br>Fuerza del Pueblo<\/p>\n\n\n\n<p><\/p>\n","protected":false},"excerpt":{"rendered":"<p>Santo Domingo.- La Fuerza Magisterial, corriente de maestros de la Fuerza del Pueblo, present\u00f3 este martes sus candidatos a las elecciones de la Asociaci\u00f3n Dominicana de Profesores (ADP). En el acto de presentaci\u00f3n de candidatos, efectuado en la sede nacional de la ADP, al hacer hacer la introducci\u00f3n, el profesor Juan Baez, dijo que, la [&hellip;]<\/p>\n","protected":false},"author":7,"featured_media":289266,"comment_status":"closed","ping_status":"","sticky":true,"template":"","format":"standard","meta":{"footnotes":""},"categories":[20,27],"tags":[],"class_list":["post-289260","post","type-post","status-publish","format-standard","has-post-thumbnail","hentry","category-dominicana-hoy","category-portada"],"_links":{"self":[{"href":"https:\/\/diariodominicano.com\/index.php?rest_route=\/wp\/v2\/posts\/289260","targetHints":{"allow":["GET"]}}],"collection":[{"href":"https:\/\/diariodominicano.com\/index.php?rest_route=\/wp\/v2\/posts"}],"about":[{"href":"https:\/\/diariodominicano.com\/index.php?rest_route=\/wp\/v2\/types\/post"}],"author":[{"embeddable":true,"href":"https:\/\/diariodominicano.com\/index.php?rest_route=\/wp\/v2\/users\/7"}],"replies":[{"embeddable":true,"href":"https:\/\/diariodominicano.com\/index.php?rest_route=%2Fwp%2Fv2%2Fcomments&post=289260"}],"version-history":[{"count":3,"href":"https:\/\/diariodominicano.com\/index.php?rest_route=\/wp\/v2\/posts\/289260\/revisions"}],"predecessor-version":[{"id":289267,"href":"https:\/\/diariodominicano.com\/index.php?rest_route=\/wp\/v2\/posts\/289260\/revisions\/289267"}],"wp:featuredmedia":[{"embeddable":true,"href":"https:\/\/diariodominicano.com\/index.php?rest_route=\/wp\/v2\/media\/289266"}],"wp:attachment":[{"href":"https:\/\/diariodominicano.com\/index.php?rest_route=%2Fwp%2Fv2%2Fmedia&parent=289260"}],"wp:term":[{"taxonomy":"category","embeddable":true,"href":"https:\/\/diariodominicano.com\/index.php?rest_route=%2Fwp%2Fv2%2Fcategories&post=289260"},{"taxonomy":"post_tag","embeddable":true,"href":"https:\/\/diariodominicano.com\/index.php?rest_route=%2Fwp%2Fv2%2Ftags&post=289260"}],"curies":[{"name":"wp","href":"https:\/\/api.w.org\/{rel}","templated":true}]}}