{"id":289253,"date":"2021-07-27T14:47:14","date_gmt":"2021-07-27T18:47:14","guid":{"rendered":"http:\/\/diariodominicano.com\/?p=289253"},"modified":"2021-07-27T14:47:14","modified_gmt":"2021-07-27T18:47:14","slug":"en-belgica-98-por-ciento-de-pacientes-hospitalizados-por-covid-19-no-estan-vacunados","status":"publish","type":"post","link":"https:\/\/diariodominicano.com\/?p=289253","title":{"rendered":"En B\u00e9lgica 98 por ciento de pacientes hospitalizados por COVID-19 no est\u00e1n vacunados"},"content":{"rendered":"\n<p>diariodominicano.com<a rel=\"noreferrer noopener\" href=\"http:\/\/home.xinhua-news.com\/gdsdetailxhs\/share\/9731498-?pageflag=iframe\" target=\"_blank\"><\/a><\/p>\n\n\n\n<pre id=\"text-news-description\" class=\"wp-block-preformatted\">   BRUSELAS, 27 jul (Xinhua) -- El 98 por ciento de los pacientes hospitalizados con COVID-19 en B\u00e9lgica no han sido vacunados, se\u00f1al\u00f3 hoy martes Yves Van Laethem, portavoz interfederal del Gobierno belga para la COVID-19, de acuerdo con los medios locales.\n    \"Esto refuerza la idea de que la vacuna es extremadamente protectora\", dijo.\n   El microbi\u00f3logo belga, Emmanuel Andre, tambi\u00e9n dijo en Twitter: \"Aunque las personas que no est\u00e1n vacunadas o que no est\u00e1n completamente vacunadas representan ahora menos del 50 por ciento de la poblaci\u00f3n adulta en Bruselas, este mismo grupo representa m\u00e1s del 95 por ciento de las personas hospitalizadas con COVID-19. Las vacunas est\u00e1n funcionando\".\n    En la semana del 17 al 23 de julio, se registr\u00f3 un promedio de 1.472 nuevos contagios de COVID-19 al d\u00eda en B\u00e9lgica, un aumento del 10 por ciento respecto a la semana anterior, inform\u00f3 hoy el Instituto Sciensano de Salud P\u00fablica.\n   Estas nuevas cifras indican que el n\u00famero de nuevos contagios en B\u00e9lgica se ha estabilizado tras un fuerte incremento a principios de julio.\n    Desde el inicio de la pandemia se han diagnosticado 1.117.697 casos de COVID-19 en B\u00e9lgica.\n   Entre el 20 y el 26 de julio, los nuevos ingresos hospitalarios alcanzaron un promedio de 28,3 al d\u00eda, un incremento del nueve por ciento de una semana a otra.\n    Hoy, 305 personas fueron hospitalizadas con COVID-19, 97 de ellas en cuidados intensivos.\n   Hasta el domingo pasado, el 83 por ciento de la poblaci\u00f3n adulta de B\u00e9lgica hab\u00eda recibido la primera dosis de la vacuna contra la COVID-19, y el 67 por ciento (m\u00e1s de 6,2 millones de personas) hab\u00eda recibido las dos dosis, de acuerdo con las cifras oficiales. <\/pre>\n","protected":false},"excerpt":{"rendered":"<p>diariodominicano.com BRUSELAS, 27 jul (Xinhua) &#8212; El 98 por ciento de los pacientes hospitalizados con COVID-19 en B\u00e9lgica no han sido vacunados, se\u00f1al\u00f3 hoy martes Yves Van Laethem, portavoz interfederal del Gobierno belga para la COVID-19, de acuerdo con los medios locales. \u00abEsto refuerza la idea de que la vacuna es extremadamente protectora\u00bb, dijo. El [&hellip;]<\/p>\n","protected":false},"author":5,"featured_media":289254,"comment_status":"closed","ping_status":"","sticky":true,"template":"","format":"standard","meta":{"footnotes":""},"categories":[23,27],"tags":[],"class_list":["post-289253","post","type-post","status-publish","format-standard","has-post-thumbnail","hentry","category-internacional","category-portada"],"_links":{"self":[{"href":"https:\/\/diariodominicano.com\/index.php?rest_route=\/wp\/v2\/posts\/289253","targetHints":{"allow":["GET"]}}],"collection":[{"href":"https:\/\/diariodominicano.com\/index.php?rest_route=\/wp\/v2\/posts"}],"about":[{"href":"https:\/\/diariodominicano.com\/index.php?rest_route=\/wp\/v2\/types\/post"}],"author":[{"embeddable":true,"href":"https:\/\/diariodominicano.com\/index.php?rest_route=\/wp\/v2\/users\/5"}],"replies":[{"embeddable":true,"href":"https:\/\/diariodominicano.com\/index.php?rest_route=%2Fwp%2Fv2%2Fcomments&post=289253"}],"version-history":[{"count":1,"href":"https:\/\/diariodominicano.com\/index.php?rest_route=\/wp\/v2\/posts\/289253\/revisions"}],"predecessor-version":[{"id":289255,"href":"https:\/\/diariodominicano.com\/index.php?rest_route=\/wp\/v2\/posts\/289253\/revisions\/289255"}],"wp:featuredmedia":[{"embeddable":true,"href":"https:\/\/diariodominicano.com\/index.php?rest_route=\/wp\/v2\/media\/289254"}],"wp:attachment":[{"href":"https:\/\/diariodominicano.com\/index.php?rest_route=%2Fwp%2Fv2%2Fmedia&parent=289253"}],"wp:term":[{"taxonomy":"category","embeddable":true,"href":"https:\/\/diariodominicano.com\/index.php?rest_route=%2Fwp%2Fv2%2Fcategories&post=289253"},{"taxonomy":"post_tag","embeddable":true,"href":"https:\/\/diariodominicano.com\/index.php?rest_route=%2Fwp%2Fv2%2Ftags&post=289253"}],"curies":[{"name":"wp","href":"https:\/\/api.w.org\/{rel}","templated":true}]}}