{"id":289250,"date":"2021-07-27T14:33:21","date_gmt":"2021-07-27T18:33:21","guid":{"rendered":"http:\/\/diariodominicano.com\/?p=289250"},"modified":"2021-07-27T14:33:21","modified_gmt":"2021-07-27T18:33:21","slug":"israel-vacunara-contra-covid-19-a-ninos-de-5-a-11-anos-en-situacion-de-alto-riesgo","status":"publish","type":"post","link":"https:\/\/diariodominicano.com\/?p=289250","title":{"rendered":"Israel vacunar\u00e1 contra COVID-19 a ni\u00f1os de 5 a 11 a\u00f1os en situaci\u00f3n de alto riesgo"},"content":{"rendered":"\n<h3 class=\"wp-block-heading\">diariodominicano.com<a rel=\"noreferrer noopener\" href=\"http:\/\/home.xinhua-news.com\/gdsdetailxhs\/share\/9731507-?pageflag=iframe\" target=\"_blank\"><\/a><\/h3>\n\n\n\n<pre id=\"text-news-description\" class=\"wp-block-preformatted\">   JERUSAL\u00c9N, 27 jul (Xinhua) -- El Ministerio de Salud de Israel anunci\u00f3 hoy martes que los ni\u00f1os de 5 a 11 a\u00f1os que tengan un alto riesgo de desarrollar una COVID-19 severa podr\u00edan ser vacunados contra el virus.\n  Actualmente, s\u00f3lo los mayores de 12 a\u00f1os de edad son elegibles para recibir la vacuna contra el virus en Israel.\n   As\u00ed, la vacunaci\u00f3n podr\u00eda ser considerada para ni\u00f1os de 5 a 11 a\u00f1os que padecen enfermedades pulmonares cr\u00f3nicas severas, inmunosupresi\u00f3n severa, c\u00e1ncer, obesidad severa, trastornos de desarrollo neurol\u00f3gico, insuficiencia cardiaca congestiva, hipertensi\u00f3n pulmonar y anemia falciforme.\n   La dosis para ni\u00f1os de las edades mencionadas ser\u00e1 de 0,1 mililitros, es decir, tres veces menor que la dosis est\u00e1ndar, dijo el ministerio.\n    La campa\u00f1a de vacunaci\u00f3n en Israel inici\u00f3 el 20 de diciembre de 2020, con la primera fase enfocada en el personal m\u00e9dico, personas mayores de 65 a\u00f1os, y pacientes cr\u00f3nicos. Desde entonces, la edad de personas elegibles para la vacuna ha bajado gradualmente.<\/pre>\n","protected":false},"excerpt":{"rendered":"<p>diariodominicano.com JERUSAL\u00c9N, 27 jul (Xinhua) &#8212; El Ministerio de Salud de Israel anunci\u00f3 hoy martes que los ni\u00f1os de 5 a 11 a\u00f1os que tengan un alto riesgo de desarrollar una COVID-19 severa podr\u00edan ser vacunados contra el virus. Actualmente, s\u00f3lo los mayores de 12 a\u00f1os de edad son elegibles para recibir la vacuna contra [&hellip;]<\/p>\n","protected":false},"author":5,"featured_media":289251,"comment_status":"closed","ping_status":"","sticky":true,"template":"","format":"standard","meta":{"footnotes":""},"categories":[23,27],"tags":[],"class_list":["post-289250","post","type-post","status-publish","format-standard","has-post-thumbnail","hentry","category-internacional","category-portada"],"_links":{"self":[{"href":"https:\/\/diariodominicano.com\/index.php?rest_route=\/wp\/v2\/posts\/289250","targetHints":{"allow":["GET"]}}],"collection":[{"href":"https:\/\/diariodominicano.com\/index.php?rest_route=\/wp\/v2\/posts"}],"about":[{"href":"https:\/\/diariodominicano.com\/index.php?rest_route=\/wp\/v2\/types\/post"}],"author":[{"embeddable":true,"href":"https:\/\/diariodominicano.com\/index.php?rest_route=\/wp\/v2\/users\/5"}],"replies":[{"embeddable":true,"href":"https:\/\/diariodominicano.com\/index.php?rest_route=%2Fwp%2Fv2%2Fcomments&post=289250"}],"version-history":[{"count":1,"href":"https:\/\/diariodominicano.com\/index.php?rest_route=\/wp\/v2\/posts\/289250\/revisions"}],"predecessor-version":[{"id":289252,"href":"https:\/\/diariodominicano.com\/index.php?rest_route=\/wp\/v2\/posts\/289250\/revisions\/289252"}],"wp:featuredmedia":[{"embeddable":true,"href":"https:\/\/diariodominicano.com\/index.php?rest_route=\/wp\/v2\/media\/289251"}],"wp:attachment":[{"href":"https:\/\/diariodominicano.com\/index.php?rest_route=%2Fwp%2Fv2%2Fmedia&parent=289250"}],"wp:term":[{"taxonomy":"category","embeddable":true,"href":"https:\/\/diariodominicano.com\/index.php?rest_route=%2Fwp%2Fv2%2Fcategories&post=289250"},{"taxonomy":"post_tag","embeddable":true,"href":"https:\/\/diariodominicano.com\/index.php?rest_route=%2Fwp%2Fv2%2Ftags&post=289250"}],"curies":[{"name":"wp","href":"https:\/\/api.w.org\/{rel}","templated":true}]}}