{"id":289247,"date":"2021-07-27T14:25:56","date_gmt":"2021-07-27T18:25:56","guid":{"rendered":"http:\/\/diariodominicano.com\/?p=289247"},"modified":"2021-07-27T14:25:56","modified_gmt":"2021-07-27T18:25:56","slug":"pro-consumidor-trabaja-con-otras-entidades-para-fomentar-la-lactancia-materna","status":"publish","type":"post","link":"https:\/\/diariodominicano.com\/?p=289247","title":{"rendered":"Pro Consumidor trabaja con otras entidades para fomentar la lactancia materna"},"content":{"rendered":"\n<p>diariodominicano.com<\/p>\n\n\n\n<p><strong>Santo Domingo, R. D., 27 de julio, 2021.-\u00a0<\/strong>La subdirectora administrativa del Instituto Nacional de Protecci\u00f3n de los Derechos del Consumidor (Pro Consumidor) asegur\u00f3 que esa instituci\u00f3n se compromete a trabajar en conjunto con otras entidades para fomentar el sistema de lactancia, al tiempo que anunci\u00f3 que la instituci\u00f3n crear\u00e1 una sala de la extracci\u00f3n de la leche materna, a los fines de que sus colaboradoras puedan disponer de un espacio c\u00f3modo y agradable.<\/p>\n\n\n\n<p>La doctora Mar\u00eda Teresa Paulino quien particip\u00f3 en la reuni\u00f3n ordinaria de la Comisi\u00f3n Nacional de Lactancia Materna organizada por el Ministerio de Salud P\u00fablica manifest\u00f3, adem\u00e1s, que Pro Consumidor se mantendr\u00e1 en vigilancia permanente para que no se produzcan alteraciones o alg\u00fan tipo de comercio il\u00edcito con la leche materna.<\/p>\n\n\n\n<p>\u201cSe mantendr\u00e1 la vigilancia permanente para que no haya alteraci\u00f3n o alg\u00fan otro tipo de comercio il\u00edcito con la leche materna\u201d, dijo.<\/p>\n\n\n\n<p>La funcionaria explic\u00f3, asimismo, que estar\u00e1n vigilantes para que las instituciones se comprometan a crear salas de lactancia para que las empleadas puedan extraerse la leche materna en su lugar de trabajo.<\/p>\n\n\n\n<p>Paulino record\u00f3 que en Rep\u00fablica Dominicana la Ley 8-95, promulgada en el gobierno de Joaqu\u00edn Balaguer,&nbsp; declara como prioridad nacional la Promoci\u00f3n y Fomento de la Lactancia Materna.<\/p>\n\n\n\n<p>Asimismo, sostuvo que en el art\u00edculo 240 del C\u00f3digo de Trabajo &nbsp;reconoce el derecho de la madre trabajadora a lactar a sus hijos, permitiendo que \u00e9sta disponga de tres descansos remunerados de 20 minutos como m\u00ednimos dentro de la jornada de trabajo.<\/p>\n\n\n\n<p>Fuente:  D<strong>epartamento de Comunicaciones<\/strong><\/p>\n\n\n\n<p><strong>Pro Consumidor.<\/strong><\/p>\n","protected":false},"excerpt":{"rendered":"<p>diariodominicano.com Santo Domingo, R. D., 27 de julio, 2021.-\u00a0La subdirectora administrativa del Instituto Nacional de Protecci\u00f3n de los Derechos del Consumidor (Pro Consumidor) asegur\u00f3 que esa instituci\u00f3n se compromete a trabajar en conjunto con otras entidades para fomentar el sistema de lactancia, al tiempo que anunci\u00f3 que la instituci\u00f3n crear\u00e1 una sala de la extracci\u00f3n [&hellip;]<\/p>\n","protected":false},"author":5,"featured_media":289248,"comment_status":"closed","ping_status":"","sticky":true,"template":"","format":"standard","meta":{"footnotes":""},"categories":[20,27],"tags":[],"class_list":["post-289247","post","type-post","status-publish","format-standard","has-post-thumbnail","hentry","category-dominicana-hoy","category-portada"],"_links":{"self":[{"href":"https:\/\/diariodominicano.com\/index.php?rest_route=\/wp\/v2\/posts\/289247","targetHints":{"allow":["GET"]}}],"collection":[{"href":"https:\/\/diariodominicano.com\/index.php?rest_route=\/wp\/v2\/posts"}],"about":[{"href":"https:\/\/diariodominicano.com\/index.php?rest_route=\/wp\/v2\/types\/post"}],"author":[{"embeddable":true,"href":"https:\/\/diariodominicano.com\/index.php?rest_route=\/wp\/v2\/users\/5"}],"replies":[{"embeddable":true,"href":"https:\/\/diariodominicano.com\/index.php?rest_route=%2Fwp%2Fv2%2Fcomments&post=289247"}],"version-history":[{"count":1,"href":"https:\/\/diariodominicano.com\/index.php?rest_route=\/wp\/v2\/posts\/289247\/revisions"}],"predecessor-version":[{"id":289249,"href":"https:\/\/diariodominicano.com\/index.php?rest_route=\/wp\/v2\/posts\/289247\/revisions\/289249"}],"wp:featuredmedia":[{"embeddable":true,"href":"https:\/\/diariodominicano.com\/index.php?rest_route=\/wp\/v2\/media\/289248"}],"wp:attachment":[{"href":"https:\/\/diariodominicano.com\/index.php?rest_route=%2Fwp%2Fv2%2Fmedia&parent=289247"}],"wp:term":[{"taxonomy":"category","embeddable":true,"href":"https:\/\/diariodominicano.com\/index.php?rest_route=%2Fwp%2Fv2%2Fcategories&post=289247"},{"taxonomy":"post_tag","embeddable":true,"href":"https:\/\/diariodominicano.com\/index.php?rest_route=%2Fwp%2Fv2%2Ftags&post=289247"}],"curies":[{"name":"wp","href":"https:\/\/api.w.org\/{rel}","templated":true}]}}