{"id":289235,"date":"2021-07-27T12:58:02","date_gmt":"2021-07-27T16:58:02","guid":{"rendered":"http:\/\/diariodominicano.com\/?p=289235"},"modified":"2021-07-27T12:58:02","modified_gmt":"2021-07-27T16:58:02","slug":"presidente-de-mexico-espera-reaccion-positiva-de-eeuu-frente-a-bloqueo-a-cuba","status":"publish","type":"post","link":"https:\/\/diariodominicano.com\/?p=289235","title":{"rendered":"Presidente de M\u00e9xico espera reacci\u00f3n \u00abpositiva\u00bb de EEUU frente a bloqueo a Cuba"},"content":{"rendered":"\n<p>diariodominicano.com<a rel=\"noreferrer noopener\" href=\"http:\/\/home.xinhua-news.com\/gdsdetailxhs\/share\/9731358-?pageflag=iframe\" target=\"_blank\"><\/a><\/p>\n\n\n\n<pre id=\"text-news-description\" class=\"wp-block-preformatted\">   MEXICO, 27 jul (Xinhua) -- El presidente de M\u00e9xico, Andr\u00e9s Manuel L\u00f3pez Obrador, confi\u00f3 hoy martes en que el gobierno de Estados Unidos tendr\u00e1 una reacci\u00f3n \"positiva\" con respecto al bloqueo econ\u00f3mico que mantiene contra Cuba, al cual calific\u00f3 como \"una medida extrema\" y \"medieval\".\n   \"Yo estoy seguro que el gobierno de Estados Unidos va a dar una respuesta positiva, porque no es conveniente una pol\u00edtica de este tipo\", indic\u00f3 el mandatario mexicano en su habitual rueda de prensa diaria.\n   L\u00f3pez Obrador reiter\u00f3 que su administraci\u00f3n, que comenz\u00f3 a finales de diciembre de 2018, se opone a mantener el embargo contra Cuba, como lo hacen la mayor\u00eda de las representaciones en la Organizaci\u00f3n de las Naciones Unidas (ONU).\n   El bloqueo econ\u00f3mico a Cuba, que la administraci\u00f3n estadounidense impuso desde hace m\u00e1s de medio siglo, dificulta el apoyo a la isla desde otros pa\u00edses, con el suministro de alimentos, v\u00edveres y ox\u00edgeno para enfrentar a la enfermedad del nuevo coronavirus (COVID-19), explic\u00f3 L\u00f3pez Obrador.\n   \"Hay una situaci\u00f3n, como todos sabemos, delicada en Cuba, porque ellos est\u00e1n padeciendo de un bloqueo, algo que yo considero inhumano porque es una medida extrema, es como una acci\u00f3n medieval\", apunt\u00f3.\n   \"Es muestra de un gran atraso en pol\u00edtica exterior. No tiene nada que ver con la fraternidad que debe haber entre los pueblos del mundo\", remarc\u00f3 el mandatario a periodistas, en el Palacio Nacional de la Ciudad de M\u00e9xico.\n   El gobierno mexicano enviar\u00e1 dos barcos con ayuda como ox\u00edgeno, medicinas, alimentos y combustible a Cuba, cuya situaci\u00f3n econ\u00f3mica y sanitaria se ha recrudecido por la COVID-19.\n   El mandatario mexicano descart\u00f3 que se vaya a generar un conflicto con Estados Unidos por la ayuda a la isla caribe\u00f1a, ya que M\u00e9xico tiene \"muy buenas relaciones\" con su pa\u00eds vecino.\n   El lunes, el presidente mexicano inst\u00f3 a su hom\u00f3logo estadounidense, Joe Biden, a tomar una decisi\u00f3n respecto al embargo a Cuba.\n   El bloqueo de Estados Unidos contra Cuba se intensific\u00f3 durante la administraci\u00f3n del ex presidente Donald Trump (2017-2021), que cancel\u00f3 los vuelos de aerol\u00edneas estadounidenses a todos los destinos cubanos, excepto La Habana.\n   Prohibi\u00f3, adem\u00e1s, el atraque de cruceros de Estados Unidos en Cuba y limit\u00f3 el monto de las remesas que los cubano-americanos env\u00edan a sus familiares en el pa\u00eds caribe\u00f1o. <\/pre>\n","protected":false},"excerpt":{"rendered":"<p>diariodominicano.com MEXICO, 27 jul (Xinhua) &#8212; El presidente de M\u00e9xico, Andr\u00e9s Manuel L\u00f3pez Obrador, confi\u00f3 hoy martes en que el gobierno de Estados Unidos tendr\u00e1 una reacci\u00f3n \u00abpositiva\u00bb con respecto al bloqueo econ\u00f3mico que mantiene contra Cuba, al cual calific\u00f3 como \u00abuna medida extrema\u00bb y \u00abmedieval\u00bb. \u00abYo estoy seguro que el gobierno de Estados Unidos [&hellip;]<\/p>\n","protected":false},"author":5,"featured_media":289236,"comment_status":"closed","ping_status":"","sticky":true,"template":"","format":"standard","meta":{"footnotes":""},"categories":[23,27],"tags":[],"class_list":["post-289235","post","type-post","status-publish","format-standard","has-post-thumbnail","hentry","category-internacional","category-portada"],"_links":{"self":[{"href":"https:\/\/diariodominicano.com\/index.php?rest_route=\/wp\/v2\/posts\/289235","targetHints":{"allow":["GET"]}}],"collection":[{"href":"https:\/\/diariodominicano.com\/index.php?rest_route=\/wp\/v2\/posts"}],"about":[{"href":"https:\/\/diariodominicano.com\/index.php?rest_route=\/wp\/v2\/types\/post"}],"author":[{"embeddable":true,"href":"https:\/\/diariodominicano.com\/index.php?rest_route=\/wp\/v2\/users\/5"}],"replies":[{"embeddable":true,"href":"https:\/\/diariodominicano.com\/index.php?rest_route=%2Fwp%2Fv2%2Fcomments&post=289235"}],"version-history":[{"count":1,"href":"https:\/\/diariodominicano.com\/index.php?rest_route=\/wp\/v2\/posts\/289235\/revisions"}],"predecessor-version":[{"id":289237,"href":"https:\/\/diariodominicano.com\/index.php?rest_route=\/wp\/v2\/posts\/289235\/revisions\/289237"}],"wp:featuredmedia":[{"embeddable":true,"href":"https:\/\/diariodominicano.com\/index.php?rest_route=\/wp\/v2\/media\/289236"}],"wp:attachment":[{"href":"https:\/\/diariodominicano.com\/index.php?rest_route=%2Fwp%2Fv2%2Fmedia&parent=289235"}],"wp:term":[{"taxonomy":"category","embeddable":true,"href":"https:\/\/diariodominicano.com\/index.php?rest_route=%2Fwp%2Fv2%2Fcategories&post=289235"},{"taxonomy":"post_tag","embeddable":true,"href":"https:\/\/diariodominicano.com\/index.php?rest_route=%2Fwp%2Fv2%2Ftags&post=289235"}],"curies":[{"name":"wp","href":"https:\/\/api.w.org\/{rel}","templated":true}]}}